{"id":10252,"date":"2021-08-04T14:51:05","date_gmt":"2021-08-04T13:51:05","guid":{"rendered":"https:\/\/voranews.al\/?p=10252"},"modified":"2021-08-04T14:51:13","modified_gmt":"2021-08-04T13:51:13","slug":"pas-greqise-edhe-turqia-goditet-nga-nje-termet-i-forte-ja-sa-ishte-magnituda","status":"publish","type":"post","link":"https:\/\/voranews.al\/?p=10252","title":{"rendered":"Pas Greqis\u00eb edhe Turqia goditet nga nj\u00eb t\u00ebrmet i fort\u00eb, ja sa ishte magnituda"},"content":{"rendered":"\n<p>Nj\u00eb t\u00ebrmet me magnitud\u00eb 4.1 tronditi Cezarea Cappadocia n\u00eb Turqin\u00eb qendrore pak momente m\u00eb par\u00eb. Sipas mediave turke epiqendra u regjistrua 24 kilometra n\u00eb verilindje t\u00eb Cezareas.<\/p>\n\n\n\n<p>Prej dit\u00ebsh rajoni i Ballkanit, veccan\u00ebrisht Greqia mpo p\u00ebrballet me nj\u00eb aktivitet t\u00eb lart\u00eb sizmik me l\u00ebkundje deri n\u00eb 5.1 ball\u00eb.<\/p>\n","protected":false},"excerpt":{"rendered":"<p>Nj\u00eb t\u00ebrmet me magnitud\u00eb 4.1 tronditi Cezarea Cappadocia n\u00eb Turqin\u00eb qendrore pak momente m\u00eb par\u00eb. Sipas mediave turke epiqendra u regjistrua 24 kilometra n\u00eb verilindje t\u00eb Cezareas. Prej dit\u00ebsh rajoni i Ballkanit, veccan\u00ebrisht Greqia mpo p\u00ebrballet me nj\u00eb aktivitet t\u00eb lart\u00eb sizmik me l\u00ebkundje deri n\u00eb 5.1 ball\u00eb.<\/p>\n","protected":false},"author":1,"featured_media":10137,"comment_status":"closed","ping_status":"closed","sticky":false,"template":"","format":"standard","meta":{"_jetpack_memberships_contains_paid_content":false,"footnotes":""},"categories":[38],"tags":[],"jetpack_sharing_enabled":true,"jetpack_featured_media_url":"https:\/\/voranews.al\/wp-content\/uploads\/2021\/07\/4EC4AB3A-2002-4CEB-AA38-8F854E845F15.jpeg","_links":{"self":[{"href":"https:\/\/voranews.al\/index.php?rest_route=\/wp\/v2\/posts\/10252"}],"collection":[{"href":"https:\/\/voranews.al\/index.php?rest_route=\/wp\/v2\/posts"}],"about":[{"href":"https:\/\/voranews.al\/index.php?rest_route=\/wp\/v2\/types\/post"}],"author":[{"embeddable":true,"href":"https:\/\/voranews.al\/index.php?rest_route=\/wp\/v2\/users\/1"}],"replies":[{"embeddable":true,"href":"https:\/\/voranews.al\/index.php?rest_route=%2Fwp%2Fv2%2Fcomments&post=10252"}],"version-history":[{"count":1,"href":"https:\/\/voranews.al\/index.php?rest_route=\/wp\/v2\/posts\/10252\/revisions"}],"predecessor-version":[{"id":10253,"href":"https:\/\/voranews.al\/index.php?rest_route=\/wp\/v2\/posts\/10252\/revisions\/10253"}],"wp:featuredmedia":[{"embeddable":true,"href":"https:\/\/voranews.al\/index.php?rest_route=\/wp\/v2\/media\/10137"}],"wp:attachment":[{"href":"https:\/\/voranews.al\/index.php?rest_route=%2Fwp%2Fv2%2Fmedia&parent=10252"}],"wp:term":[{"taxonomy":"category","embeddable":true,"href":"https:\/\/voranews.al\/index.php?rest_route=%2Fwp%2Fv2%2Fcategories&post=10252"},{"taxonomy":"post_tag","embeddable":true,"href":"https:\/\/voranews.al\/index.php?rest_route=%2Fwp%2Fv2%2Ftags&post=10252"}],"curies":[{"name":"wp","href":"https:\/\/api.w.org\/{rel}","templated":true}]}}