{"id":10435,"date":"2021-08-16T06:50:06","date_gmt":"2021-08-16T05:50:06","guid":{"rendered":"https:\/\/voranews.al\/?p=10435"},"modified":"2021-08-16T06:50:12","modified_gmt":"2021-08-16T05:50:12","slug":"e-pushtuan-totalisht-talebanet-bejne-foto-nga-zyra-e-presidentit-te-afganistanit","status":"publish","type":"post","link":"https:\/\/voranews.al\/?p=10435","title":{"rendered":"E pushtuan totalisht\/ Taleban\u00ebt b\u00ebjn\u00eb foto nga zyra e presidentit t\u00eb Afganistanit"},"content":{"rendered":"\n<p>Qeveria e Afganistanit tashm\u00eb ka r\u00ebn\u00eb me arratisjen e Presidentit t\u00eb vendit, Ashraf Ghani pas hyrjes s\u00eb taleban\u00ebve n\u00eb Kabul. Taleban\u00ebt jan\u00eb shprehur se shum\u00eb shpejt do t\u00eb shpallin Emiratin Islamik t\u00eb Afganistanit, nd\u00ebrkoh\u00eb q\u00eb kan\u00eb b\u00ebr\u00eb edhe foto brenda Pallatit Presidencial.<\/p>\n\n\n\n<p>Nd\u00ebrsa ish-Presidenti i Afganistanit <\/p>\n\n\n\n<p>Hamid Karzai, njoftoi n\u00eb Twitter se po formonte nj\u00eb k\u00ebshill p\u00ebr transferimin n\u00eb paqe t\u00eb pushtetit, duke i b\u00ebr\u00eb thirrje qeveris\u00eb dhe taleban\u00ebve q\u00eb t\u00eb ruanin qet\u00ebsin\u00eb dhe t\u00eb q\u00ebndronin larg veprimeve q\u00eb do t\u00eb shkaktonin kaos.<\/p>\n\n\n\n<p>Taleban\u00ebt njoftuan se do t\u00eb hynin n\u00eb rajonet e policis\u00eb p\u00ebr t\u00eb ruajtur rendin, pasi forcat e policis\u00eb kan\u00eb braktisur pozicionet q\u00eb mbanin. Ambasada amerikane u evakuua pasi u shkat\u00ebrruan t\u00eb gjith\u00eb dokumentet sekrete. P\u00ebrpara largimit t\u00eb diplomat\u00ebve u ul edhe flamuri amerikan nga ambasada.\u00a0@voranews<\/p>\n\n\n\n<p><\/p>\n\n\n\n<figure class=\"wp-block-image\"><img decoding=\"async\" src=\"https:\/\/www.aljazeera.com\/wp-content\/uploads\/2021\/08\/Taliban-8.jpg\" alt=\"\"\/><\/figure>\n\n\n\n<figure class=\"wp-block-image\"><img decoding=\"async\" src=\"https:\/\/www.aljazeera.com\/wp-content\/uploads\/2021\/08\/Taliban-Kabul-2-1.jpg\" alt=\"\"\/><\/figure>\n\n\n\n<figure class=\"wp-block-image\"><img decoding=\"async\" src=\"https:\/\/www.aljazeera.com\/wp-content\/uploads\/2021\/08\/Taliban-5-1.jpg\" alt=\"\"\/><\/figure>\n","protected":false},"excerpt":{"rendered":"<p>Qeveria e Afganistanit tashm\u00eb ka r\u00ebn\u00eb me arratisjen e Presidentit t\u00eb vendit, Ashraf Ghani pas hyrjes s\u00eb taleban\u00ebve n\u00eb Kabul. Taleban\u00ebt jan\u00eb shprehur se shum\u00eb shpejt do t\u00eb shpallin Emiratin Islamik t\u00eb Afganistanit, nd\u00ebrkoh\u00eb q\u00eb kan\u00eb b\u00ebr\u00eb edhe foto brenda Pallatit Presidencial. Nd\u00ebrsa ish-Presidenti i Afganistanit Hamid Karzai, njoftoi n\u00eb Twitter se po formonte nj\u00eb &hellip;<\/p>\n","protected":false},"author":1,"featured_media":10436,"comment_status":"closed","ping_status":"closed","sticky":true,"template":"","format":"standard","meta":{"_jetpack_memberships_contains_paid_content":false,"footnotes":""},"categories":[38],"tags":[],"jetpack_sharing_enabled":true,"jetpack_featured_media_url":"https:\/\/voranews.al\/wp-content\/uploads\/2021\/08\/487B7ED6-19CF-4F95-B96F-50B03EB44429.jpeg","_links":{"self":[{"href":"https:\/\/voranews.al\/index.php?rest_route=\/wp\/v2\/posts\/10435"}],"collection":[{"href":"https:\/\/voranews.al\/index.php?rest_route=\/wp\/v2\/posts"}],"about":[{"href":"https:\/\/voranews.al\/index.php?rest_route=\/wp\/v2\/types\/post"}],"author":[{"embeddable":true,"href":"https:\/\/voranews.al\/index.php?rest_route=\/wp\/v2\/users\/1"}],"replies":[{"embeddable":true,"href":"https:\/\/voranews.al\/index.php?rest_route=%2Fwp%2Fv2%2Fcomments&post=10435"}],"version-history":[{"count":1,"href":"https:\/\/voranews.al\/index.php?rest_route=\/wp\/v2\/posts\/10435\/revisions"}],"predecessor-version":[{"id":10437,"href":"https:\/\/voranews.al\/index.php?rest_route=\/wp\/v2\/posts\/10435\/revisions\/10437"}],"wp:featuredmedia":[{"embeddable":true,"href":"https:\/\/voranews.al\/index.php?rest_route=\/wp\/v2\/media\/10436"}],"wp:attachment":[{"href":"https:\/\/voranews.al\/index.php?rest_route=%2Fwp%2Fv2%2Fmedia&parent=10435"}],"wp:term":[{"taxonomy":"category","embeddable":true,"href":"https:\/\/voranews.al\/index.php?rest_route=%2Fwp%2Fv2%2Fcategories&post=10435"},{"taxonomy":"post_tag","embeddable":true,"href":"https:\/\/voranews.al\/index.php?rest_route=%2Fwp%2Fv2%2Ftags&post=10435"}],"curies":[{"name":"wp","href":"https:\/\/api.w.org\/{rel}","templated":true}]}}