{"id":10828,"date":"2021-09-11T06:39:16","date_gmt":"2021-09-11T05:39:16","guid":{"rendered":"https:\/\/voranews.al\/?p=10828"},"modified":"2021-09-11T06:39:19","modified_gmt":"2021-09-11T05:39:19","slug":"20-vjet-nga-11-shtatori-2001-tragjedia-qe-tronditi-boten","status":"publish","type":"post","link":"https:\/\/voranews.al\/?p=10828","title":{"rendered":"20 vjet nga 11 shtatori 2001, tragjedia q\u00eb tronditi bot\u00ebn"},"content":{"rendered":"\n<p>Sot b\u00ebhen plot 20 vjet nga sulmi terrorist mbi kullat binjake n\u00eb 11 shtator t\u00eb 2001-shit, n\u00eb zem\u00ebr t\u00eb New York-ut. Disa terrorist\u00eb mor\u00ebn peng kat\u00ebr avion\u00eb dhe fluturuan duke goditur disa pika t\u00eb r\u00ebnd\u00ebsishme t\u00eb Shteteve t\u00eb Bashkuara.<\/p>\n\n\n\n<p>Dy avion\u00eb u p\u00ebrplas\u00ebn n\u00eb dy kullat e Qendr\u00ebs Tregtare Bot\u00ebrore, nj\u00ebri n\u00eb muret e Pentagonit nd\u00ebrsa nj\u00eb i kat\u00ebrt u p\u00ebrplas n\u00eb tok\u00eb, pas p\u00ebrleshjes heroike t\u00eb pasagjer\u00ebve me terrorist\u00ebt, t\u00eb cil\u00ebt rr\u00ebzuan avionin.<\/p>\n\n\n\n<p>Nga sulmet, gjet\u00ebn vdekjen rreth 3 mij\u00eb vet\u00eb. 184 persona u vran\u00eb n\u00eb Pentagon at\u00eb dit\u00eb p\u00ebrfshir\u00eb 59 pasagjer\u00eb dhe an\u00ebtar\u00eb t\u00eb ekuipazhit t\u00eb avionit q\u00eb u p\u00ebrplas dhe 125 persona brenda kompleksit.<\/p>\n\n\n\n<p>Sipas d\u00ebshmive t\u00eb m\u00ebvonshme, sulmi ishte drejtuar p\u00ebr n\u00eb Sht\u00ebpin\u00eb e Bardh\u00eb, por shkaktoi nj\u00eb tragjedi akoma dhe m\u00eb t\u00eb madhe, q\u00eb vijon t\u00eb mbahet mend si nj\u00eb nga sulmet m\u00eb t\u00eb m\u00ebdha n\u00eb historin\u00eb e Amerik\u00ebs.<\/p>\n\n\n\n<p>Para 11 shtatorit, Kullat Binjake t\u00eb Qendr\u00ebs Bot\u00ebrore t\u00eb Tregtis\u00eb ishin b\u00ebr\u00eb simboli i fuqis\u00eb ekonomike t\u00eb SHBA-ve. Kan\u00eb q\u00ebndruar mbi Manhatan si qend\u00ebr e tregtis\u00eb dhe biznesit q\u00eb pun\u00ebsoi dhjet\u00ebra mij\u00ebra njer\u00ebz.<\/p>\n","protected":false},"excerpt":{"rendered":"<p>Sot b\u00ebhen plot 20 vjet nga sulmi terrorist mbi kullat binjake n\u00eb 11 shtator t\u00eb 2001-shit, n\u00eb zem\u00ebr t\u00eb New York-ut. Disa terrorist\u00eb mor\u00ebn peng kat\u00ebr avion\u00eb dhe fluturuan duke goditur disa pika t\u00eb r\u00ebnd\u00ebsishme t\u00eb Shteteve t\u00eb Bashkuara. Dy avion\u00eb u p\u00ebrplas\u00ebn n\u00eb dy kullat e Qendr\u00ebs Tregtare Bot\u00ebrore, nj\u00ebri n\u00eb muret e Pentagonit &hellip;<\/p>\n","protected":false},"author":1,"featured_media":10829,"comment_status":"closed","ping_status":"closed","sticky":true,"template":"","format":"standard","meta":{"_jetpack_memberships_contains_paid_content":false,"footnotes":""},"categories":[38],"tags":[],"jetpack_sharing_enabled":true,"jetpack_featured_media_url":"https:\/\/voranews.al\/wp-content\/uploads\/2021\/09\/A1A59B0D-270A-4CFF-821F-CFE6B7E937AB.jpeg","_links":{"self":[{"href":"https:\/\/voranews.al\/index.php?rest_route=\/wp\/v2\/posts\/10828"}],"collection":[{"href":"https:\/\/voranews.al\/index.php?rest_route=\/wp\/v2\/posts"}],"about":[{"href":"https:\/\/voranews.al\/index.php?rest_route=\/wp\/v2\/types\/post"}],"author":[{"embeddable":true,"href":"https:\/\/voranews.al\/index.php?rest_route=\/wp\/v2\/users\/1"}],"replies":[{"embeddable":true,"href":"https:\/\/voranews.al\/index.php?rest_route=%2Fwp%2Fv2%2Fcomments&post=10828"}],"version-history":[{"count":1,"href":"https:\/\/voranews.al\/index.php?rest_route=\/wp\/v2\/posts\/10828\/revisions"}],"predecessor-version":[{"id":10830,"href":"https:\/\/voranews.al\/index.php?rest_route=\/wp\/v2\/posts\/10828\/revisions\/10830"}],"wp:featuredmedia":[{"embeddable":true,"href":"https:\/\/voranews.al\/index.php?rest_route=\/wp\/v2\/media\/10829"}],"wp:attachment":[{"href":"https:\/\/voranews.al\/index.php?rest_route=%2Fwp%2Fv2%2Fmedia&parent=10828"}],"wp:term":[{"taxonomy":"category","embeddable":true,"href":"https:\/\/voranews.al\/index.php?rest_route=%2Fwp%2Fv2%2Fcategories&post=10828"},{"taxonomy":"post_tag","embeddable":true,"href":"https:\/\/voranews.al\/index.php?rest_route=%2Fwp%2Fv2%2Ftags&post=10828"}],"curies":[{"name":"wp","href":"https:\/\/api.w.org\/{rel}","templated":true}]}}