{"id":11091,"date":"2021-09-27T16:36:01","date_gmt":"2021-09-27T15:36:01","guid":{"rendered":"https:\/\/voranews.al\/?p=11091"},"modified":"2021-09-27T16:36:04","modified_gmt":"2021-09-27T15:36:04","slug":"a-do-te-ndodhe-me-ndryshimi-i-ores-ne-tetor","status":"publish","type":"post","link":"https:\/\/voranews.al\/?p=11091","title":{"rendered":"A do t\u00eb ndodh\u00eb m\u00eb ndryshimi i or\u00ebs n\u00eb tetor?"},"content":{"rendered":"\n<p>N\u00eb Mars 2019, Parlamenti Evropian votoi n\u00eb favor t\u00eb shfuqizimit t\u00eb ndryshimeve sezonale dhe caktoi vitin 2021 si afat final t\u00eb zbatimit.<\/p>\n\n\n\n<p>Mosmarr\u00ebveshjet n\u00eb BE, megjithat\u00eb, kan\u00eb b\u00ebr\u00eb q\u00eb ende mos ket\u00eb nj\u00eb vendim p\u00ebrfundimtar.<\/p>\n\n\n\n<p><strong>Ajo q\u00eb u ra dakord n\u00eb vitin 2019<\/strong><\/p>\n\n\n\n<p>M\u00eb 26 Mars 2019, Parlamenti Evropian miratoi propozimin e Komisionit p\u00ebr t\u2019i dh\u00ebn\u00eb fund praktik\u00ebs s\u00eb&nbsp;ndryshimit t\u00eb koh\u00ebs.&nbsp;Eurodeputet\u00ebt votuan me shumic\u00eb d\u00ebrrmuese n\u00eb favor t\u00eb heqjes s\u00eb tij (410 kundrejt 192).<\/p>\n\n\n\n<p>Sidoqoft\u00eb, ky propozim i r\u00ebn\u00eb dakord nuk ka fituar fuqi ligjore, pasi pritet t\u00eb finalizohet nga K\u00ebshilli i BE-s\u00eb. N\u00eb t\u00eb nj\u00ebjt\u00ebn koh\u00eb, mosmarr\u00ebveshjet midis shteteve p\u00ebr mbajtjen e koh\u00ebs dim\u00ebrore ose verore po e pengojn\u00eb procesin.<\/p>\n\n\n\n<p><strong>\u00c7far\u00eb do t\u00eb ndodh\u00eb k\u00ebt\u00eb vit<\/strong><\/p>\n\n\n\n<p>Duke folur p\u00ebr edicionin irlandez online t\u00eb The Journal, eurodeputetja irlandeze Deirdre Clooney tha se \u201cpropozimi nuk po ec\u00ebn p\u00ebrpara dhe ka ngecur\u201d.<\/p>\n\n\n\n<p>Clooney ka mbrojtur prej koh\u00ebsh heqjen e ndryshimit t\u00eb or\u00ebs n\u00eb BE dhe d\u00ebshiron q\u00eb vendet t\u00eb q\u00ebndrojn\u00eb n\u00eb koh\u00ebn verore gjat\u00eb gjith\u00eb vitit.<\/p>\n\n\n\n<p>\u201cN\u00ebse vendet zgjedhin koh\u00ebn e ver\u00ebs, ne do t\u00eb kishim m\u00eb shum\u00eb net t\u00eb ndritshme gjat\u00eb gjith\u00eb vitit.&nbsp;Megjithat\u00eb n\u00eb dim\u00ebr, m\u00ebngjesi do t\u00eb ishte m\u00eb i err\u00ebt se m\u00ebngjesi i dimrit q\u00eb t\u00eb gjith\u00eb e dim\u00eb si \u00ebsht\u00eb\u201d.<\/p>\n\n\n\n<p>Sigurisht p\u00ebr nj\u00eb vend si Shqip\u00ebria, nuk \u00ebsht\u00eb aq e k\u00ebndshme.&nbsp;N\u00eb rast se do t\u00eb mbahet ora verore, ne do t\u00eb fitojm\u00eb nj\u00eb or\u00eb m\u00eb shum\u00eb me dit\u00eb edhe n\u00eb dim\u00ebr.<\/p>\n\n\n\n<p>Kjo do t\u00eb thot\u00eb se n\u00ebse n\u00eb fund t\u00eb tetorit nuk e ndryshojm\u00eb or\u00ebn, muzgu n\u00eb dim\u00ebr nuk do t\u00eb nis\u00eb n\u00eb or\u00ebn 16 por nj\u00eb or\u00eb m\u00eb pas.<\/p>\n\n\n\n<p>Nga ana tjet\u00ebr, zbardhja e dit\u00ebs nuk do t\u00eb jet\u00eb m\u00eb rreth or\u00ebs 6 e tutje, por nj\u00eb or\u00eb m\u00eb von\u00eb.<\/p>\n\n\n\n<p>Burimet nga Brukseli b\u00ebjn\u00eb t\u00eb ditur se n\u00eb fund t\u00eb tetorit do t\u00eb zhvillohet nj\u00eb diskutim i detajuar n\u00eb nivelin e ministrive kompetente dhe t\u00eb gjitha pal\u00ebt do t\u00eb k\u00ebrkojn\u00eb nj\u00eb marr\u00ebveshje.<\/p>\n\n\n\n<figure class=\"wp-block-image\"><a href=\"https:\/\/www.noa.al\/lajmi\/2021\/09\/2265390.html\/wrad-600x334\"><img decoding=\"async\" src=\"https:\/\/www.noa.al\/newsImages\/2021\/09\/wrad-600x334.jpg\" alt=\"\"\/><\/a><\/figure>\n\n\n\n<p><strong>Kush do t\u00eb vendos\u00eb p\u00ebrfundimisht<\/strong><\/p>\n\n\n\n<p>Vendimi p\u00ebrfundimtar, megjithat\u00eb, do t\u00eb merret nga K\u00ebshilli i BE dhe Parlamenti Evropian, pas nj\u00eb votimi nga Shtetet An\u00ebtare t\u00eb BE.<\/p>\n\n\n\n<p>Kjo do t\u00eb thot\u00eb q\u00eb n\u00ebse 55% e vendeve q\u00eb p\u00ebrfaq\u00ebsojn\u00eb t\u00eb pakt\u00ebn 65% t\u00eb popullsis\u00eb s\u00eb BE -s\u00eb duan q\u00eb ndryshimi i koh\u00ebs t\u00eb hiqet \u2013 edhe n\u00ebse pjesa tjet\u00ebr e vendeve votojn\u00eb kund\u00ebr \u2013 t\u00eb gjitha vendet duhet t\u00eb respektojn\u00eb, p\u00ebrfshir\u00eb dhe vendet evropiane jasht\u00eb BE, si Shqip\u00ebria, Kosova, Maqedonia e Mali i Zi.<\/p>\n","protected":false},"excerpt":{"rendered":"<p>N\u00eb Mars 2019, Parlamenti Evropian votoi n\u00eb favor t\u00eb shfuqizimit t\u00eb ndryshimeve sezonale dhe caktoi vitin 2021 si afat final t\u00eb zbatimit. Mosmarr\u00ebveshjet n\u00eb BE, megjithat\u00eb, kan\u00eb b\u00ebr\u00eb q\u00eb ende mos ket\u00eb nj\u00eb vendim p\u00ebrfundimtar. Ajo q\u00eb u ra dakord n\u00eb vitin 2019 M\u00eb 26 Mars 2019, Parlamenti Evropian miratoi propozimin e Komisionit p\u00ebr t\u2019i &hellip;<\/p>\n","protected":false},"author":1,"featured_media":11092,"comment_status":"closed","ping_status":"closed","sticky":true,"template":"","format":"standard","meta":{"_jetpack_memberships_contains_paid_content":false,"footnotes":""},"categories":[35],"tags":[],"jetpack_sharing_enabled":true,"jetpack_featured_media_url":"https:\/\/voranews.al\/wp-content\/uploads\/2021\/09\/47E1AF81-8572-44B6-99AD-4F053BDA725C.jpeg","_links":{"self":[{"href":"https:\/\/voranews.al\/index.php?rest_route=\/wp\/v2\/posts\/11091"}],"collection":[{"href":"https:\/\/voranews.al\/index.php?rest_route=\/wp\/v2\/posts"}],"about":[{"href":"https:\/\/voranews.al\/index.php?rest_route=\/wp\/v2\/types\/post"}],"author":[{"embeddable":true,"href":"https:\/\/voranews.al\/index.php?rest_route=\/wp\/v2\/users\/1"}],"replies":[{"embeddable":true,"href":"https:\/\/voranews.al\/index.php?rest_route=%2Fwp%2Fv2%2Fcomments&post=11091"}],"version-history":[{"count":1,"href":"https:\/\/voranews.al\/index.php?rest_route=\/wp\/v2\/posts\/11091\/revisions"}],"predecessor-version":[{"id":11093,"href":"https:\/\/voranews.al\/index.php?rest_route=\/wp\/v2\/posts\/11091\/revisions\/11093"}],"wp:featuredmedia":[{"embeddable":true,"href":"https:\/\/voranews.al\/index.php?rest_route=\/wp\/v2\/media\/11092"}],"wp:attachment":[{"href":"https:\/\/voranews.al\/index.php?rest_route=%2Fwp%2Fv2%2Fmedia&parent=11091"}],"wp:term":[{"taxonomy":"category","embeddable":true,"href":"https:\/\/voranews.al\/index.php?rest_route=%2Fwp%2Fv2%2Fcategories&post=11091"},{"taxonomy":"post_tag","embeddable":true,"href":"https:\/\/voranews.al\/index.php?rest_route=%2Fwp%2Fv2%2Ftags&post=11091"}],"curies":[{"name":"wp","href":"https:\/\/api.w.org\/{rel}","templated":true}]}}