{"id":11137,"date":"2021-09-30T12:36:40","date_gmt":"2021-09-30T11:36:40","guid":{"rendered":"https:\/\/voranews.al\/?p=11137"},"modified":"2021-09-30T12:36:45","modified_gmt":"2021-09-30T11:36:45","slug":"erdogan-pyet-putinin-sa-antitrupa-ke-nga-vaksina","status":"publish","type":"post","link":"https:\/\/voranews.al\/?p=11137","title":{"rendered":"Erdogan pyet Putinin: Sa antitrupa ke nga vaksina"},"content":{"rendered":"\n<p>Presidenti rus Vladimir Putin, ka pritur n\u00eb nj\u00eb takim n\u00eb So\u00e7i presidentin e Turqis\u00eb, Rexhep Taip Erdogan, me t\u00eb cilin kan\u00eb zhvilluar edhe nj\u00eb bised\u00eb rreth anti-trupave q\u00eb kan\u00eb pas vaksinimit.<\/p>\n\n\n\n<p>Bised\u00ebn e ka nisur Erdogan teksa e ka pyetur Putinin se cili \u00ebsht\u00eb niveli i antitrupave q\u00eb ka.<\/p>\n\n\n\n<p>\u201cRreth 15-16\u201d, \u00ebsht\u00eb p\u00ebrgjigjur Vladimir Putin.<\/p>\n\n\n\n<p>Pas k\u00ebsaj p\u00ebrgjigjeje Erdogan ka th\u00ebn\u00eb se nj\u00eb nivel i till\u00eb \u00ebsht\u00eb shum\u00eb i ul\u00ebt.<\/p>\n\n\n\n<p>Putin \u00ebsht\u00eb kund\u00ebrp\u00ebrgjigjur se kalkulimi i anti-trupave \u00ebsht\u00eb b\u00ebr\u00eb me metoda t\u00eb ndryshme madje ia ka propozuar Erdoganit q\u00eb ta marr\u00eb nj\u00eb doz\u00eb t\u00eb vaksin\u00ebs Sputnik V.<\/p>\n\n\n\n<p>Por kreu i shtetit turk ka refuzuar, duke th\u00ebn\u00eb se \u00ebsht\u00eb vaksinuar me Pfizer\/BionTech.<\/p>\n\n\n\n<p>\u201cEpo mir\u00eb pra, her\u00ebn tjet\u00ebr\u201d, \u2013 ka th\u00ebn\u00eb Putin.<\/p>\n","protected":false},"excerpt":{"rendered":"<p>Presidenti rus Vladimir Putin, ka pritur n\u00eb nj\u00eb takim n\u00eb So\u00e7i presidentin e Turqis\u00eb, Rexhep Taip Erdogan, me t\u00eb cilin kan\u00eb zhvilluar edhe nj\u00eb bised\u00eb rreth anti-trupave q\u00eb kan\u00eb pas vaksinimit. Bised\u00ebn e ka nisur Erdogan teksa e ka pyetur Putinin se cili \u00ebsht\u00eb niveli i antitrupave q\u00eb ka. \u201cRreth 15-16\u201d, \u00ebsht\u00eb p\u00ebrgjigjur Vladimir Putin. &hellip;<\/p>\n","protected":false},"author":1,"featured_media":11138,"comment_status":"closed","ping_status":"closed","sticky":true,"template":"","format":"standard","meta":{"_jetpack_memberships_contains_paid_content":false,"footnotes":""},"categories":[38],"tags":[],"jetpack_sharing_enabled":true,"jetpack_featured_media_url":"https:\/\/voranews.al\/wp-content\/uploads\/2021\/09\/B760CFCC-5172-44F2-A7EF-E98888F5B398.jpeg","_links":{"self":[{"href":"https:\/\/voranews.al\/index.php?rest_route=\/wp\/v2\/posts\/11137"}],"collection":[{"href":"https:\/\/voranews.al\/index.php?rest_route=\/wp\/v2\/posts"}],"about":[{"href":"https:\/\/voranews.al\/index.php?rest_route=\/wp\/v2\/types\/post"}],"author":[{"embeddable":true,"href":"https:\/\/voranews.al\/index.php?rest_route=\/wp\/v2\/users\/1"}],"replies":[{"embeddable":true,"href":"https:\/\/voranews.al\/index.php?rest_route=%2Fwp%2Fv2%2Fcomments&post=11137"}],"version-history":[{"count":1,"href":"https:\/\/voranews.al\/index.php?rest_route=\/wp\/v2\/posts\/11137\/revisions"}],"predecessor-version":[{"id":11139,"href":"https:\/\/voranews.al\/index.php?rest_route=\/wp\/v2\/posts\/11137\/revisions\/11139"}],"wp:featuredmedia":[{"embeddable":true,"href":"https:\/\/voranews.al\/index.php?rest_route=\/wp\/v2\/media\/11138"}],"wp:attachment":[{"href":"https:\/\/voranews.al\/index.php?rest_route=%2Fwp%2Fv2%2Fmedia&parent=11137"}],"wp:term":[{"taxonomy":"category","embeddable":true,"href":"https:\/\/voranews.al\/index.php?rest_route=%2Fwp%2Fv2%2Fcategories&post=11137"},{"taxonomy":"post_tag","embeddable":true,"href":"https:\/\/voranews.al\/index.php?rest_route=%2Fwp%2Fv2%2Ftags&post=11137"}],"curies":[{"name":"wp","href":"https:\/\/api.w.org\/{rel}","templated":true}]}}