{"id":11195,"date":"2021-10-03T16:02:12","date_gmt":"2021-10-03T15:02:12","guid":{"rendered":"https:\/\/voranews.al\/?p=11195"},"modified":"2021-10-03T16:02:14","modified_gmt":"2021-10-03T15:02:14","slug":"kriza-e-paralajmeruar-nga-rama-reagon-basha-kam-une-nje-plan-me-7-pika-qe-e-zgjidh-situaten","status":"publish","type":"post","link":"https:\/\/voranews.al\/?p=11195","title":{"rendered":"Kriza e paralajm\u00ebruar nga Rama, reagon Basha: Kam un\u00eb nj\u00eb plan me 7 pika q\u00eb e zgjidh situat\u00ebn"},"content":{"rendered":"\n<p>Lulzim Basha i \u00ebsht\u00eb p\u00ebrgjigjur kryeministrit Edi Rama, i cili deklaroi sot se nj\u00eb kriz\u00eb energjetike sapo ka filluar duke rritur \u00e7mimet e karburanteve.<\/p>\n\n\n\n<p>Por Lulzim Basha nuk mendon k\u00ebshtu.<\/p>\n\n\n\n<p>Ky i fundit thot\u00eb se e ka zgjidhjen dhe rendit 7 pika t\u00eb cilat jan\u00eb formula e daljes nga gjendja ku gjendemi.<\/p>\n\n\n\n<p><em>Tellalli i s\u00eb keqes doli sot p\u00ebr t\u00eb lar\u00eb duart para shqiptar\u00ebve, p\u00ebr at\u00eb q\u00eb po p\u00ebrgatit p\u00ebr ta, rritjen e m\u00ebtejshme t\u00eb \u00e7mimeve t\u00eb energjis\u00eb, nd\u00ebrsa tashm\u00eb t\u00eb gjitha cmimet jan\u00eb rritur ndjesh\u00ebm duke pamund\u00ebsuar p\u00ebr qindra mij\u00ebra shqiptar\u00eb t\u00eb p\u00ebrballojn\u00eb nevojat baz\u00eb.<br><\/em><br><em>V\u00ebrtet bota po p\u00ebrballet tani, por shqiptar\u00ebt kan\u00eb 8 vite q\u00eb p\u00ebrballen me \u00e7mimet m\u00eb t\u00eb larta n\u00eb rajon e nd\u00ebr m\u00eb t\u00eb lartat n\u00eb Europ\u00eb, t\u00eb energjis\u00eb dhe karburant\u00ebve.<br><\/em><br><em>N\u00eb ato vende ku ndodhin rritje t\u00eb diktuara nga tregjet nd\u00ebrkomb\u00ebtare, qeverit\u00eb e p\u00ebrgjegjshme u vijn\u00eb n\u00eb ndihm\u00eb qytetar\u00ebve t\u00eb tyre.<br><\/em><br><em>Por a mund t\u00eb ndodh\u00eb kjo m\u00eb k\u00ebt\u00eb qeveri?<br><\/em><br><em>Shqiptar\u00ebt e din\u00eb mir\u00eb q\u00eb jo.<br><\/em><br><em>Ata e kan\u00eb par\u00eb se si n\u00eb momentet m\u00eb t\u00eb v\u00ebshtira t\u00eb k\u00ebtyre viteve, kjo qeveri dhe ky kryeminist\u00ebr i ka braktisur.<\/em><br><em>K\u00ebshtu ndodhi me t\u00ebrmetin, k\u00ebshtu ndodhi me pandemin\u00eb.<br><\/em><br><em>Shqiptar\u00ebt e kan\u00eb par\u00eb se si fondet e rind\u00ebrtimit u p\u00ebrdor\u00ebn p\u00ebr t\u00eb majmur ortak\u00ebt e Edi Ram\u00ebs, dhe po k\u00ebto fonde t\u00eb jepeshin jo p\u00ebr njer\u00ebzit n\u00eb nevoj\u00eb , por p\u00ebr t\u00eb marr\u00eb n\u00eb k\u00ebmbim vot\u00ebn e tyre.<br><\/em><br><em>Shqiptar\u00ebt e kan\u00eb vuajtur n\u00eb l\u00ebkur\u00ebn e tyre braktisjen gjat\u00eb pandemis\u00eb, kur bab\u00ebzia e k\u00ebsaj pakice t\u00eb korruptuar dha ndihm\u00ebn m\u00eb t\u00eb ul\u00ebt ekonomike n\u00eb Europ\u00eb, duke shkaktuar rritjen m\u00eb t\u00eb madhe t\u00eb jet\u00ebve t\u00eb humbura n\u00eb kontinent, varf\u00ebri dhe papun\u00ebsi.<br><\/em><br><em>Me k\u00ebt\u00eb bilanc t\u00eb zi, me k\u00ebt\u00eb qeverisje q\u00eb fatkeq\u00ebsit\u00eb e njer\u00ebzve i kthen n\u00eb gosti milionash p\u00ebr ortak\u00ebt e tij, detyra jon\u00eb si opozite \u00ebsht\u00eb t\u00eb ushtrojm\u00eb, edhe me ndihm\u00ebn e qytetar\u00ebve, t\u00eb gjith\u00eb presionin e duhur q\u00eb askush t\u00eb mos braktiset, askush t\u00eb mos vuaj\u00eb makut\u00ebrin\u00eb e k\u00ebsaj pakice.<\/em><\/p>\n\n\n\n<p><em>Ndaj prioritetet n\u00eb k\u00ebt\u00eb moment t\u00eb par\u00eb jan\u00eb t\u00eb qarta dhe t\u00eb domosdoshme:<br><\/em><br><em>1- Heqja e taks\u00ebs Rama prej 240 lek\u00eb p\u00ebr lit\u00ebr karburanti;<br><\/em><br><em>2- ulja e TVSH-s\u00eb nga 20% n\u00eb 6% p\u00ebr ushqimet, ashtu si\u00e7 kemi k\u00ebrkuar prej jav\u00ebs s\u00eb par\u00eb n\u00eb kuvendin e Shqip\u00ebris\u00eb;<br><\/em><br><em>3- Faturimi me \u00e7mime dhe sasin\u00eb reale t\u00eb konsumit t\u00eb oligark\u00ebve t\u00eb cil\u00ebt favorizohen n\u00eb kurriz t\u00eb konsumator\u00ebve;<br><\/em><br><em>4- Subvencionim i \u00e7mimit t\u00eb energjis\u00eb p\u00ebr qytetar\u00ebt;<br><\/em><br><em>5- Mir\u00ebmenanxhim dhe ndalje e shpenzimeve t\u00eb shfrenuara, luksoze t\u00eb OSHEE dhe KESH, q\u00eb jan\u00eb kthyer n\u00eb zhvat\u00ebs t\u00eb parave t\u00eb shqiptar\u00ebve.<br><\/em><br><em>6- Ristrukturim t\u00eb buxhetit p\u00ebr tu p\u00ebrballur me nj\u00eb kriz\u00eb q\u00eb nuk mund t\u00eb ndalet me propagand\u00eb dhe fjalime.<\/em><\/p>\n\n\n\n<p><em>7 \u2013 M\u00eb shum\u00eb para p\u00ebr shtresat n\u00eb nevoj\u00eb dhe ristrukturim t\u00eb ekonomis\u00eb aktuale, e cila p\u00ebr shkak t\u00eb politikave t\u00eb k\u00ebsaj qeverie \u00ebsht\u00eb e varur nga paraja e pis\u00ebt dhe monopolet e oligark\u00ebve.<\/em><\/p>\n\n\n\n<p><em>T\u00eb dashur qytetare dhe qytetar\u00eb,<br><\/em><br><em>Nisur nga eksperiencat e hidhura q\u00eb p\u00ebrmenda pak m\u00eb par\u00eb, vet\u00ebm k\u00ebmb\u00ebngulja jon\u00eb e p\u00ebrbashk\u00ebt i pamund\u00ebson k\u00ebtij kryeministri dhe k\u00ebsaj pakice t\u00eb korruptuar t\u00eb p\u00ebrdor\u00eb fatkeq\u00ebsit\u00eb tuaja p\u00ebr t\u2019u pasuruar vet\u00eb dhe miqt\u00eb e tyre.<\/em><br><em>Shqip\u00ebria \u00ebsht\u00eb e juaja, jo e nj\u00eb pakic<\/em>e\u201d tha&nbsp;<\/p>\n","protected":false},"excerpt":{"rendered":"<p>Lulzim Basha i \u00ebsht\u00eb p\u00ebrgjigjur kryeministrit Edi Rama, i cili deklaroi sot se nj\u00eb kriz\u00eb energjetike sapo ka filluar duke rritur \u00e7mimet e karburanteve. Por Lulzim Basha nuk mendon k\u00ebshtu. Ky i fundit thot\u00eb se e ka zgjidhjen dhe rendit 7 pika t\u00eb cilat jan\u00eb formula e daljes nga gjendja ku gjendemi. Tellalli i s\u00eb &hellip;<\/p>\n","protected":false},"author":1,"featured_media":11196,"comment_status":"closed","ping_status":"closed","sticky":true,"template":"","format":"standard","meta":{"_jetpack_memberships_contains_paid_content":false,"footnotes":""},"categories":[4],"tags":[],"jetpack_sharing_enabled":true,"jetpack_featured_media_url":"https:\/\/voranews.al\/wp-content\/uploads\/2021\/10\/A1587D68-AC49-4CE0-99ED-222BBCD84ED2.jpeg","_links":{"self":[{"href":"https:\/\/voranews.al\/index.php?rest_route=\/wp\/v2\/posts\/11195"}],"collection":[{"href":"https:\/\/voranews.al\/index.php?rest_route=\/wp\/v2\/posts"}],"about":[{"href":"https:\/\/voranews.al\/index.php?rest_route=\/wp\/v2\/types\/post"}],"author":[{"embeddable":true,"href":"https:\/\/voranews.al\/index.php?rest_route=\/wp\/v2\/users\/1"}],"replies":[{"embeddable":true,"href":"https:\/\/voranews.al\/index.php?rest_route=%2Fwp%2Fv2%2Fcomments&post=11195"}],"version-history":[{"count":1,"href":"https:\/\/voranews.al\/index.php?rest_route=\/wp\/v2\/posts\/11195\/revisions"}],"predecessor-version":[{"id":11197,"href":"https:\/\/voranews.al\/index.php?rest_route=\/wp\/v2\/posts\/11195\/revisions\/11197"}],"wp:featuredmedia":[{"embeddable":true,"href":"https:\/\/voranews.al\/index.php?rest_route=\/wp\/v2\/media\/11196"}],"wp:attachment":[{"href":"https:\/\/voranews.al\/index.php?rest_route=%2Fwp%2Fv2%2Fmedia&parent=11195"}],"wp:term":[{"taxonomy":"category","embeddable":true,"href":"https:\/\/voranews.al\/index.php?rest_route=%2Fwp%2Fv2%2Fcategories&post=11195"},{"taxonomy":"post_tag","embeddable":true,"href":"https:\/\/voranews.al\/index.php?rest_route=%2Fwp%2Fv2%2Ftags&post=11195"}],"curies":[{"name":"wp","href":"https:\/\/api.w.org\/{rel}","templated":true}]}}