{"id":11198,"date":"2021-10-03T16:11:21","date_gmt":"2021-10-03T15:11:21","guid":{"rendered":"https:\/\/voranews.al\/?p=11198"},"modified":"2021-10-03T16:11:24","modified_gmt":"2021-10-03T15:11:24","slug":"rrezohet-aeroplani-ne-milano-humbin-jeten-te-gjithe-personat-ne-bord","status":"publish","type":"post","link":"https:\/\/voranews.al\/?p=11198","title":{"rendered":"Rr\u00ebzohet aeroplani n\u00eb Milano, humbin jet\u00ebn t\u00eb gjith\u00eb personat n\u00eb bord"},"content":{"rendered":"\n<p>Nj\u00eb aeroplan privat me tet\u00eb persona n\u00eb bord \u00ebsht\u00eb rr\u00ebzuar n\u00eb zon\u00ebn e \u200b\u200bVia Marignano-s. P\u00ebr pasoj\u00eb nuk ka mundur t\u00eb mbijetoj\u00eb asnj\u00eb nga personat n\u00eb bord.<\/p>\n\n\n\n<p>Sipas raportimeve t\u00eb mediave italiane, aeroplani u rr\u00ebzua rreth or\u00ebs 13.09 dhe u p\u00ebrfshi nga flak\u00ebt pasi u p\u00ebrplas n\u00eb nj\u00eb nd\u00ebrtes\u00eb t\u00eb boshatisur q\u00eb po rinovohej. N\u00eb vendin e ngjarjes ndodhen zjarrfik\u00ebsit, policia dhe karabinier\u00ebt. Nd\u00ebrsa, ekipet e shp\u00ebtimit flasin p\u00ebr pamje trodit\u00ebse nga vendi i ngjarjes.<\/p>\n\n\n\n<p>Aeroplani sapo ishte ngritur nga aeroporti privat Linate dhe kishte si destinacion Olbia-n , n\u00eb Sardenj\u00eb. Mjeti fluturues u p\u00ebrplas pasi p\u00ebrshkroi 4 deri n\u00eb 5 milje dhe m\u00eb pas u p\u00ebrfshi nga flak\u00ebt si pasoj\u00eb e impaktit.&nbsp;<\/p>\n","protected":false},"excerpt":{"rendered":"<p>Nj\u00eb aeroplan privat me tet\u00eb persona n\u00eb bord \u00ebsht\u00eb rr\u00ebzuar n\u00eb zon\u00ebn e \u200b\u200bVia Marignano-s. P\u00ebr pasoj\u00eb nuk ka mundur t\u00eb mbijetoj\u00eb asnj\u00eb nga personat n\u00eb bord. Sipas raportimeve t\u00eb mediave italiane, aeroplani u rr\u00ebzua rreth or\u00ebs 13.09 dhe u p\u00ebrfshi nga flak\u00ebt pasi u p\u00ebrplas n\u00eb nj\u00eb nd\u00ebrtes\u00eb t\u00eb boshatisur q\u00eb po rinovohej. N\u00eb &hellip;<\/p>\n","protected":false},"author":1,"featured_media":11199,"comment_status":"closed","ping_status":"closed","sticky":true,"template":"","format":"standard","meta":{"_jetpack_memberships_contains_paid_content":false,"footnotes":""},"categories":[38],"tags":[],"jetpack_sharing_enabled":true,"jetpack_featured_media_url":"https:\/\/voranews.al\/wp-content\/uploads\/2021\/10\/6A19083A-511C-4F0A-BD9B-D86672E00AAD.jpeg","_links":{"self":[{"href":"https:\/\/voranews.al\/index.php?rest_route=\/wp\/v2\/posts\/11198"}],"collection":[{"href":"https:\/\/voranews.al\/index.php?rest_route=\/wp\/v2\/posts"}],"about":[{"href":"https:\/\/voranews.al\/index.php?rest_route=\/wp\/v2\/types\/post"}],"author":[{"embeddable":true,"href":"https:\/\/voranews.al\/index.php?rest_route=\/wp\/v2\/users\/1"}],"replies":[{"embeddable":true,"href":"https:\/\/voranews.al\/index.php?rest_route=%2Fwp%2Fv2%2Fcomments&post=11198"}],"version-history":[{"count":1,"href":"https:\/\/voranews.al\/index.php?rest_route=\/wp\/v2\/posts\/11198\/revisions"}],"predecessor-version":[{"id":11200,"href":"https:\/\/voranews.al\/index.php?rest_route=\/wp\/v2\/posts\/11198\/revisions\/11200"}],"wp:featuredmedia":[{"embeddable":true,"href":"https:\/\/voranews.al\/index.php?rest_route=\/wp\/v2\/media\/11199"}],"wp:attachment":[{"href":"https:\/\/voranews.al\/index.php?rest_route=%2Fwp%2Fv2%2Fmedia&parent=11198"}],"wp:term":[{"taxonomy":"category","embeddable":true,"href":"https:\/\/voranews.al\/index.php?rest_route=%2Fwp%2Fv2%2Fcategories&post=11198"},{"taxonomy":"post_tag","embeddable":true,"href":"https:\/\/voranews.al\/index.php?rest_route=%2Fwp%2Fv2%2Ftags&post=11198"}],"curies":[{"name":"wp","href":"https:\/\/api.w.org\/{rel}","templated":true}]}}