{"id":11315,"date":"2021-10-11T11:00:33","date_gmt":"2021-10-11T10:00:33","guid":{"rendered":"https:\/\/voranews.al\/?p=11315"},"modified":"2021-10-11T11:00:44","modified_gmt":"2021-10-11T10:00:44","slug":"florjan-binaj-thirrje-shqiptareve-ka-ardhur-nje-pike-ku-smban-me-te-protestojme-ndaj-cdo-qeverie-ju-lutem-asnje-parti-mos-vije-ne-proteste","status":"publish","type":"post","link":"https:\/\/voranews.al\/?p=11315","title":{"rendered":"Florjan Binaj thirrje shqiptar\u00ebve: Ka ardhur nj\u00eb pik\u00eb ku s\u2019mban m\u00eb, t\u00eb protestojm\u00eb ndaj \u00e7do qeverie. Ju lutem asnj\u00eb parti mos vij\u00eb n\u00eb protest\u00eb"},"content":{"rendered":"\n<p>Sot pasdite n\u00eb or\u00ebn 17:00 do t\u00eb zhvillohet para Kryeministris\u00eb protesta e dyt\u00eb kund\u00ebr rritjes s\u00eb \u00e7mimeve t\u00eb produkteve n\u00eb vendin ton\u00eb.<\/p>\n\n\n\n<p>\u201cKa ardhur n\u00eb nj\u00eb pik\u00eb q\u00eb nuk mban m\u00eb.&nbsp;<br><em><br>T\u00eb gjith\u00eb ne qytetar\u00ebt pse duhet t\u00eb paguajm\u00eb pasoja e qeverisjes s\u00eb gabuar n\u00eb k\u00ebto 30 vite\u201d&nbsp;<\/em>thot\u00eb Florjan Binaj, raporton gazeta Drita.&nbsp;<\/p>\n\n\n\n<p>Aktori i njohur i humorit \u00ebsht\u00eb angazhuar fort n\u00eb k\u00ebt\u00eb protest\u00eb p\u00ebr nj\u00eb arsye.<\/p>\n\n\n\n<p><em>\u201cPo ngrem\u00eb z\u00ebrin p\u00ebr ata q\u00eb nuk kan\u00eb mund\u00ebsi t\u00eb ngren\u00eb z\u00ebrin.&nbsp;<br><br>Un\u00eb dal n\u00eb protest\u00eb p\u00ebr shtres\u00ebn e varf\u00ebr q\u00eb nuk ngre dot z\u00ebrin.<br><br>Kur e b\u00ebn gabimin qytetari e paguan qytetari kur b\u00ebn gabim nj\u00eb qeveri e paguan prap\u00eb qytetari. Kjo lloj padrejt\u00ebsie ka ardhur nj\u00eb pik\u00eb q\u00eb nuk mban m\u00eb,\u201d u shpreh Binaj.<br><br>\u201cDuhet t\u00eb jemi kritik\u00eb ndaj \u00e7do qeverie\u201c,&nbsp;<\/em>thot\u00eb aktori i humorit.<\/p>\n\n\n\n<p>Flori tha se n\u00eb protest\u00eb mor\u00ebn pjes\u00eb qytetar\u00eb nga jasht\u00eb, p\u00ebr t\u00eb ngritur z\u00ebrin p\u00ebr personat q\u00eb nuk kan\u00eb mund\u00ebsi.<br><em><br>\u201cKan\u00eb ardhur qytetar\u00eb nga Anglia, Itali, Kosova n\u00eb protest\u00eb p\u00ebr t\u00eb ngritur z\u00ebrin p\u00ebr ata q\u00eb nuk kan\u00eb mund\u00ebsin\u00eb.\u201d<\/em><\/p>\n\n\n\n<p>Aktori tha se protest\u00ebs sot do t\u2019i bashkohen edhe aktor\u00ebt tjer\u00eb t\u00eb humorit.<\/p>\n\n\n\n<p>Binaj ka nj\u00eb thirrje p\u00ebr t\u00eb gjith\u00eb protestuesit sot, jo flamuj partiak.<\/p>\n\n\n\n<p>\u201cJ<em>u lutem asnj\u00eb parti politike mos vij\u00eb n\u00eb protest\u00eb, duam vet\u00ebm qytetar\u00eb t\u00eb thjesht\u00eb, nuk duam flamuj partiak,\u201d\u00a0<\/em>tha Binaj.<strong>#<\/strong>VoraNews<\/p>\n","protected":false},"excerpt":{"rendered":"<p>Sot pasdite n\u00eb or\u00ebn 17:00 do t\u00eb zhvillohet para Kryeministris\u00eb protesta e dyt\u00eb kund\u00ebr rritjes s\u00eb \u00e7mimeve t\u00eb produkteve n\u00eb vendin ton\u00eb. \u201cKa ardhur n\u00eb nj\u00eb pik\u00eb q\u00eb nuk mban m\u00eb.&nbsp;T\u00eb gjith\u00eb ne qytetar\u00ebt pse duhet t\u00eb paguajm\u00eb pasoja e qeverisjes s\u00eb gabuar n\u00eb k\u00ebto 30 vite\u201d&nbsp;thot\u00eb Florjan Binaj, raporton gazeta Drita.&nbsp; Aktori i njohur &hellip;<\/p>\n","protected":false},"author":1,"featured_media":11316,"comment_status":"closed","ping_status":"closed","sticky":true,"template":"","format":"standard","meta":{"_jetpack_memberships_contains_paid_content":false,"footnotes":""},"categories":[20],"tags":[],"jetpack_sharing_enabled":true,"jetpack_featured_media_url":"https:\/\/voranews.al\/wp-content\/uploads\/2021\/10\/ED81C9B4-03DD-4239-9CDA-CFC2BB5E544C.jpeg","_links":{"self":[{"href":"https:\/\/voranews.al\/index.php?rest_route=\/wp\/v2\/posts\/11315"}],"collection":[{"href":"https:\/\/voranews.al\/index.php?rest_route=\/wp\/v2\/posts"}],"about":[{"href":"https:\/\/voranews.al\/index.php?rest_route=\/wp\/v2\/types\/post"}],"author":[{"embeddable":true,"href":"https:\/\/voranews.al\/index.php?rest_route=\/wp\/v2\/users\/1"}],"replies":[{"embeddable":true,"href":"https:\/\/voranews.al\/index.php?rest_route=%2Fwp%2Fv2%2Fcomments&post=11315"}],"version-history":[{"count":1,"href":"https:\/\/voranews.al\/index.php?rest_route=\/wp\/v2\/posts\/11315\/revisions"}],"predecessor-version":[{"id":11317,"href":"https:\/\/voranews.al\/index.php?rest_route=\/wp\/v2\/posts\/11315\/revisions\/11317"}],"wp:featuredmedia":[{"embeddable":true,"href":"https:\/\/voranews.al\/index.php?rest_route=\/wp\/v2\/media\/11316"}],"wp:attachment":[{"href":"https:\/\/voranews.al\/index.php?rest_route=%2Fwp%2Fv2%2Fmedia&parent=11315"}],"wp:term":[{"taxonomy":"category","embeddable":true,"href":"https:\/\/voranews.al\/index.php?rest_route=%2Fwp%2Fv2%2Fcategories&post=11315"},{"taxonomy":"post_tag","embeddable":true,"href":"https:\/\/voranews.al\/index.php?rest_route=%2Fwp%2Fv2%2Ftags&post=11315"}],"curies":[{"name":"wp","href":"https:\/\/api.w.org\/{rel}","templated":true}]}}