{"id":11330,"date":"2021-10-11T20:33:38","date_gmt":"2021-10-11T19:33:38","guid":{"rendered":"https:\/\/voranews.al\/?p=11330"},"modified":"2021-10-11T20:33:40","modified_gmt":"2021-10-11T19:33:40","slug":"dy-policet-e-portokallise-ne-krye-te-protestave-kunder-rritjes-se-cmimeve","status":"publish","type":"post","link":"https:\/\/voranews.al\/?p=11330","title":{"rendered":"Dy polic\u00ebt e Portokallis\u00eb n\u00eb krye t\u00eb protestave, kund\u00ebr rritjes s\u00eb \u00e7mimeve"},"content":{"rendered":"\n<p>Florian Binaj dhe Irgen \u00c7ela iu bashkuan sot protest\u00ebs kund\u00ebr rritjes s\u00eb \u00e7mimeve. Aktor\u00ebt e njohur t\u00eb Portokallis\u00eb u shpreh\u00ebn se po protestojn\u00eb n\u00eb shesh kund\u00ebr padrejt\u00ebsive q\u00eb po u b\u00ebhet qytetar\u00ebve. Artist\u00ebt than\u00eb se presin edhe koleg\u00ebt e tjer\u00eb t\u2019i bashkohet turm\u00ebs. Kjo \u00ebsht\u00eb protesta e dyt\u00eb e mbajtur n\u00eb Tiran\u00eb kund\u00ebr rritjes s\u00eb \u00e7mimeve t\u00eb shport\u00ebs dhe energjis\u00eb elektrike.<\/p>\n","protected":false},"excerpt":{"rendered":"<p>Florian Binaj dhe Irgen \u00c7ela iu bashkuan sot protest\u00ebs kund\u00ebr rritjes s\u00eb \u00e7mimeve. Aktor\u00ebt e njohur t\u00eb Portokallis\u00eb u shpreh\u00ebn se po protestojn\u00eb n\u00eb shesh kund\u00ebr padrejt\u00ebsive q\u00eb po u b\u00ebhet qytetar\u00ebve. Artist\u00ebt than\u00eb se presin edhe koleg\u00ebt e tjer\u00eb t\u2019i bashkohet turm\u00ebs. Kjo \u00ebsht\u00eb protesta e dyt\u00eb e mbajtur n\u00eb Tiran\u00eb kund\u00ebr rritjes s\u00eb &hellip;<\/p>\n","protected":false},"author":1,"featured_media":11331,"comment_status":"closed","ping_status":"closed","sticky":true,"template":"","format":"standard","meta":{"_jetpack_memberships_contains_paid_content":false,"footnotes":""},"categories":[4],"tags":[],"jetpack_sharing_enabled":true,"jetpack_featured_media_url":"https:\/\/voranews.al\/wp-content\/uploads\/2021\/10\/110F4D3A-F457-4234-94F0-CAAACC9BB883.jpeg","_links":{"self":[{"href":"https:\/\/voranews.al\/index.php?rest_route=\/wp\/v2\/posts\/11330"}],"collection":[{"href":"https:\/\/voranews.al\/index.php?rest_route=\/wp\/v2\/posts"}],"about":[{"href":"https:\/\/voranews.al\/index.php?rest_route=\/wp\/v2\/types\/post"}],"author":[{"embeddable":true,"href":"https:\/\/voranews.al\/index.php?rest_route=\/wp\/v2\/users\/1"}],"replies":[{"embeddable":true,"href":"https:\/\/voranews.al\/index.php?rest_route=%2Fwp%2Fv2%2Fcomments&post=11330"}],"version-history":[{"count":1,"href":"https:\/\/voranews.al\/index.php?rest_route=\/wp\/v2\/posts\/11330\/revisions"}],"predecessor-version":[{"id":11332,"href":"https:\/\/voranews.al\/index.php?rest_route=\/wp\/v2\/posts\/11330\/revisions\/11332"}],"wp:featuredmedia":[{"embeddable":true,"href":"https:\/\/voranews.al\/index.php?rest_route=\/wp\/v2\/media\/11331"}],"wp:attachment":[{"href":"https:\/\/voranews.al\/index.php?rest_route=%2Fwp%2Fv2%2Fmedia&parent=11330"}],"wp:term":[{"taxonomy":"category","embeddable":true,"href":"https:\/\/voranews.al\/index.php?rest_route=%2Fwp%2Fv2%2Fcategories&post=11330"},{"taxonomy":"post_tag","embeddable":true,"href":"https:\/\/voranews.al\/index.php?rest_route=%2Fwp%2Fv2%2Ftags&post=11330"}],"curies":[{"name":"wp","href":"https:\/\/api.w.org\/{rel}","templated":true}]}}