{"id":11511,"date":"2021-10-20T16:43:23","date_gmt":"2021-10-20T15:43:23","guid":{"rendered":"https:\/\/voranews.al\/?p=11511"},"modified":"2021-10-20T16:43:25","modified_gmt":"2021-10-20T15:43:25","slug":"e-rende-ne-greqi-gruaja-masakrohet-me-thike-djali-mori-ne-telefon-policine-dhe-me-pas-u-zhduk","status":"publish","type":"post","link":"https:\/\/voranews.al\/?p=11511","title":{"rendered":"E r\u00ebnd\u00eb n\u00eb Greqi\/ Gruaja masakrohet me thik\u00eb! Djali mori n\u00eb telefon policin\u00eb dhe m\u00eb pas u zhduk"},"content":{"rendered":"\n<p>Nj\u00eb ngjarje e r\u00ebnd\u00eb \u00ebsht\u00eb sh\u00ebnuar n\u00eb Greqi, n\u00eb Egaleo. Mediat fqinje raportojn\u00eb se nj\u00eb grua 55-vje\u00e7are, n\u00ebn\u00eb e dy f\u00ebmij\u00ebve, \u00ebsht\u00eb gjetur e vdekur n\u00eb sht\u00ebpin\u00eb e saj. <\/p>\n\n\n\n<p>Ishte nj\u00eb nga djemt\u00eb e viktim\u00ebs ai q\u00eb lajm\u00ebroi policin\u00eb dhe m\u00eb pas u zhduk. Nd\u00ebrsa autoritet jan\u00eb duke marr\u00eb n\u00eb pyetje djalin tjet\u00ebr t\u00eb saj. Raportohet se 20-vje\u00e7ari q\u00eb mori n\u00eb telefon policin\u00eb t\u00eb ket\u00eb probleme psikologjike.<\/p>\n\n\n\n<p>Gruaja u gjet e pajet\u00eb n\u00eb sht\u00ebpin\u00eb e saj, nd\u00ebrsa u vu re se trupi i saj ishte masakruar me thik\u00eb. Autoritetet po vijojn\u00eb hetimet p\u00ebr t\u00eb zbuluar autorin e ngjarjes dhe shkaqet q\u00eb \u00e7uan n\u00eb k\u00ebt\u00eb ngjarje t\u00eb r\u00ebnd\u00eb.<\/p>\n\n\n\n<figure class=\"wp-block-image\"><img decoding=\"async\" src=\"https:\/\/top-channel.tv\/wp-content\/uploads\/2021\/10\/1-13-800x362.jpg\" alt=\"\" class=\"wp-image-1905498\"\/><\/figure>\n","protected":false},"excerpt":{"rendered":"<p>Nj\u00eb ngjarje e r\u00ebnd\u00eb \u00ebsht\u00eb sh\u00ebnuar n\u00eb Greqi, n\u00eb Egaleo. Mediat fqinje raportojn\u00eb se nj\u00eb grua 55-vje\u00e7are, n\u00ebn\u00eb e dy f\u00ebmij\u00ebve, \u00ebsht\u00eb gjetur e vdekur n\u00eb sht\u00ebpin\u00eb e saj. Ishte nj\u00eb nga djemt\u00eb e viktim\u00ebs ai q\u00eb lajm\u00ebroi policin\u00eb dhe m\u00eb pas u zhduk. Nd\u00ebrsa autoritet jan\u00eb duke marr\u00eb n\u00eb pyetje djalin tjet\u00ebr t\u00eb saj. &hellip;<\/p>\n","protected":false},"author":1,"featured_media":11512,"comment_status":"closed","ping_status":"closed","sticky":true,"template":"","format":"standard","meta":{"_jetpack_memberships_contains_paid_content":false,"footnotes":""},"categories":[38],"tags":[],"jetpack_sharing_enabled":true,"jetpack_featured_media_url":"https:\/\/voranews.al\/wp-content\/uploads\/2021\/10\/6873A4F6-A9D6-4353-9FDE-50A982323177.jpeg","_links":{"self":[{"href":"https:\/\/voranews.al\/index.php?rest_route=\/wp\/v2\/posts\/11511"}],"collection":[{"href":"https:\/\/voranews.al\/index.php?rest_route=\/wp\/v2\/posts"}],"about":[{"href":"https:\/\/voranews.al\/index.php?rest_route=\/wp\/v2\/types\/post"}],"author":[{"embeddable":true,"href":"https:\/\/voranews.al\/index.php?rest_route=\/wp\/v2\/users\/1"}],"replies":[{"embeddable":true,"href":"https:\/\/voranews.al\/index.php?rest_route=%2Fwp%2Fv2%2Fcomments&post=11511"}],"version-history":[{"count":1,"href":"https:\/\/voranews.al\/index.php?rest_route=\/wp\/v2\/posts\/11511\/revisions"}],"predecessor-version":[{"id":11513,"href":"https:\/\/voranews.al\/index.php?rest_route=\/wp\/v2\/posts\/11511\/revisions\/11513"}],"wp:featuredmedia":[{"embeddable":true,"href":"https:\/\/voranews.al\/index.php?rest_route=\/wp\/v2\/media\/11512"}],"wp:attachment":[{"href":"https:\/\/voranews.al\/index.php?rest_route=%2Fwp%2Fv2%2Fmedia&parent=11511"}],"wp:term":[{"taxonomy":"category","embeddable":true,"href":"https:\/\/voranews.al\/index.php?rest_route=%2Fwp%2Fv2%2Fcategories&post=11511"},{"taxonomy":"post_tag","embeddable":true,"href":"https:\/\/voranews.al\/index.php?rest_route=%2Fwp%2Fv2%2Ftags&post=11511"}],"curies":[{"name":"wp","href":"https:\/\/api.w.org\/{rel}","templated":true}]}}