{"id":11520,"date":"2021-10-21T11:57:12","date_gmt":"2021-10-21T10:57:12","guid":{"rendered":"https:\/\/voranews.al\/?p=11520"},"modified":"2021-10-21T11:57:16","modified_gmt":"2021-10-21T10:57:16","slug":"tetori-roze-kryebashkiaku-arbana-takim-ndergjegjesues-me-gra-kontrolli-shpeton-jete","status":"publish","type":"post","link":"https:\/\/voranews.al\/?p=11520","title":{"rendered":"Tetori roz\u00eb\/ Kryebashkiaku Arbana, takim nd\u00ebrgjegj\u00ebsues me gra.Kontrolli shp\u00ebton jet\u00eb!"},"content":{"rendered":"\n<p><\/p>\n\n\n\n<p>Kryetari i bashkis\u00eb s\u00eb Shijakut, Elton Arbana ka patur sot nj\u00eb takim nd\u00ebrgjegj\u00ebsues n\u00eb kuad\u00ebr t\u00eb muajit tetor, p\u00ebr parandalimin e kancerit t\u00eb gjirit.<br>T\u00eb pranishme n\u00eb k\u00ebt\u00eb takim ishin znj. Klodiana Spahiu, znj. Aurora Hyka, znj.Jonida \u00c7eliku, deputeti Ilir Ndraxhi dhe shum\u00eb gra punonj\u00ebse t\u00eb bashkis\u00eb.<\/p>\n\n\n\n<figure class=\"wp-block-image size-large\"><img loading=\"lazy\" decoding=\"async\" width=\"500\" height=\"375\" src=\"https:\/\/voranews.al\/wp-content\/uploads\/2021\/10\/8FFB9678-9171-4E2F-A28E-825912703FEB-500x375.jpeg\" alt=\"\" class=\"wp-image-11521\" srcset=\"https:\/\/voranews.al\/wp-content\/uploads\/2021\/10\/8FFB9678-9171-4E2F-A28E-825912703FEB-500x375.jpeg 500w, https:\/\/voranews.al\/wp-content\/uploads\/2021\/10\/8FFB9678-9171-4E2F-A28E-825912703FEB-300x225.jpeg 300w, https:\/\/voranews.al\/wp-content\/uploads\/2021\/10\/8FFB9678-9171-4E2F-A28E-825912703FEB-768x576.jpeg 768w, https:\/\/voranews.al\/wp-content\/uploads\/2021\/10\/8FFB9678-9171-4E2F-A28E-825912703FEB-1536x1152.jpeg 1536w, https:\/\/voranews.al\/wp-content\/uploads\/2021\/10\/8FFB9678-9171-4E2F-A28E-825912703FEB.jpeg 1600w\" sizes=\"(max-width: 500px) 100vw, 500px\" \/><\/figure>\n\n\n\n<p>Arbana ka b\u00ebr\u00eb nj\u00eb thirrje ndaj t\u00eb gjith\u00eb grave: &#8220;Ashtu si kujdeseni me p\u00ebrkushtim p\u00ebr familjen duhet t\u00eb kujdeseni dhe p\u00ebr veten tuaj. T\u00eb ndiqni t\u00eb gjith\u00eb k\u00ebshillat e mjek\u00ebve, t\u00eb b\u00ebni t\u00eb gjitha kontrollet q\u00eb mund t\u00eb ekzaminojn\u00eb q\u00eb n\u00eb fillim k\u00ebt\u00eb s\u00ebmundje.<\/p>\n\n\n\n<p>Postimi i plot\u00eb<\/p>\n\n\n\n<p>Muaji tetor \u00ebsht\u00eb cil\u00ebsuar si tetori roz\u00eb, muaji i nd\u00ebrgjegj\u00ebsimit p\u00ebr kancerin e gjirit.<\/p>\n\n\n\n<p>Fjongo roz\u00eb \u00ebsht\u00eb kthyer n\u00eb simbolin e k\u00ebsaj s\u00ebmundje, n\u00eb v\u00ebmendjen ndaj k\u00ebshillave t\u00eb mjek\u00ebve, n\u00eb m\u00ebnyr\u00eb q\u00eb t\u00eb shp\u00ebtohen sa m\u00eb shum\u00eb jet\u00eb.<\/p>\n\n\n\n\n\n<p>Muaji i Kancerit t\u00eb Gjirit, ndihmon n\u00eb rritjen e v\u00ebmendjes, zbulimin dhe trajtimin e hersh\u00ebm, si dhe kujdesin p\u00ebr k\u00ebt\u00eb s\u00ebmundje.<\/p>\n\n\n\n<figure class=\"wp-block-image size-large\"><img loading=\"lazy\" decoding=\"async\" width=\"500\" height=\"375\" src=\"https:\/\/voranews.al\/wp-content\/uploads\/2021\/10\/6C9CED96-473F-4924-B5B7-E4290FD5F975-500x375.jpeg\" alt=\"\" class=\"wp-image-11522\" srcset=\"https:\/\/voranews.al\/wp-content\/uploads\/2021\/10\/6C9CED96-473F-4924-B5B7-E4290FD5F975-500x375.jpeg 500w, https:\/\/voranews.al\/wp-content\/uploads\/2021\/10\/6C9CED96-473F-4924-B5B7-E4290FD5F975-300x225.jpeg 300w, https:\/\/voranews.al\/wp-content\/uploads\/2021\/10\/6C9CED96-473F-4924-B5B7-E4290FD5F975-768x576.jpeg 768w, https:\/\/voranews.al\/wp-content\/uploads\/2021\/10\/6C9CED96-473F-4924-B5B7-E4290FD5F975.jpeg 1024w\" sizes=\"(max-width: 500px) 100vw, 500px\" \/><\/figure>\n\n\n\n<p>N\u00ebna, gra, motra, ashtu si kujdeseni me p\u00ebrkushtim p\u00ebr familjen duhet t\u00eb kujdeseni dhe p\u00ebr veten tuaj. T\u00eb ndiqni t\u00eb gjith\u00eb k\u00ebshillat e mjek\u00ebve, t\u00eb b\u00ebni t\u00eb gjitha kontrollet q\u00eb mund t\u00eb ekzaminojn\u00eb q\u00eb n\u00eb fillim k\u00ebt\u00eb s\u00ebmundje.<\/p>\n\n\n\n<p>N\u00ebse kujdeseni dhe mbroni veten tuaj, keni mbrojtur t\u00eb gjith\u00eb familjen!<\/p>\n","protected":false},"excerpt":{"rendered":"<p>Kryetari i bashkis\u00eb s\u00eb Shijakut, Elton Arbana ka patur sot nj\u00eb takim nd\u00ebrgjegj\u00ebsues n\u00eb kuad\u00ebr t\u00eb muajit tetor, p\u00ebr parandalimin e kancerit t\u00eb gjirit.T\u00eb pranishme n\u00eb k\u00ebt\u00eb takim ishin znj. Klodiana Spahiu, znj. Aurora Hyka, znj.Jonida \u00c7eliku, deputeti Ilir Ndraxhi dhe shum\u00eb gra punonj\u00ebse t\u00eb bashkis\u00eb. Arbana ka b\u00ebr\u00eb nj\u00eb thirrje ndaj t\u00eb gjith\u00eb grave: &hellip;<\/p>\n","protected":false},"author":1,"featured_media":11523,"comment_status":"closed","ping_status":"closed","sticky":true,"template":"","format":"standard","meta":{"_jetpack_memberships_contains_paid_content":false,"footnotes":""},"categories":[4],"tags":[],"jetpack_sharing_enabled":true,"jetpack_featured_media_url":"https:\/\/voranews.al\/wp-content\/uploads\/2021\/10\/6C07183D-9CA6-462D-8920-16AE632E2509.jpeg","_links":{"self":[{"href":"https:\/\/voranews.al\/index.php?rest_route=\/wp\/v2\/posts\/11520"}],"collection":[{"href":"https:\/\/voranews.al\/index.php?rest_route=\/wp\/v2\/posts"}],"about":[{"href":"https:\/\/voranews.al\/index.php?rest_route=\/wp\/v2\/types\/post"}],"author":[{"embeddable":true,"href":"https:\/\/voranews.al\/index.php?rest_route=\/wp\/v2\/users\/1"}],"replies":[{"embeddable":true,"href":"https:\/\/voranews.al\/index.php?rest_route=%2Fwp%2Fv2%2Fcomments&post=11520"}],"version-history":[{"count":1,"href":"https:\/\/voranews.al\/index.php?rest_route=\/wp\/v2\/posts\/11520\/revisions"}],"predecessor-version":[{"id":11524,"href":"https:\/\/voranews.al\/index.php?rest_route=\/wp\/v2\/posts\/11520\/revisions\/11524"}],"wp:featuredmedia":[{"embeddable":true,"href":"https:\/\/voranews.al\/index.php?rest_route=\/wp\/v2\/media\/11523"}],"wp:attachment":[{"href":"https:\/\/voranews.al\/index.php?rest_route=%2Fwp%2Fv2%2Fmedia&parent=11520"}],"wp:term":[{"taxonomy":"category","embeddable":true,"href":"https:\/\/voranews.al\/index.php?rest_route=%2Fwp%2Fv2%2Fcategories&post=11520"},{"taxonomy":"post_tag","embeddable":true,"href":"https:\/\/voranews.al\/index.php?rest_route=%2Fwp%2Fv2%2Ftags&post=11520"}],"curies":[{"name":"wp","href":"https:\/\/api.w.org\/{rel}","templated":true}]}}