{"id":11589,"date":"2021-10-24T10:24:19","date_gmt":"2021-10-24T09:24:19","guid":{"rendered":"https:\/\/voranews.al\/?p=11589"},"modified":"2021-10-24T10:24:23","modified_gmt":"2021-10-24T09:24:23","slug":"humbi-nenen-nga-covid-mesazhi-i-forte-i-gazetares-shtyrja-e-vaksines-ishte-gabim","status":"publish","type":"post","link":"https:\/\/voranews.al\/?p=11589","title":{"rendered":"Humbi n\u00ebn\u00ebn nga COVID, mesazhi i fort\u00eb i gazetares: Shtyrja e vaksin\u00ebs ishte gabim"},"content":{"rendered":"\n<p>Pak muaj m\u00eb par\u00eb gazetarja Jonida Shehu humbi n\u00ebn\u00ebn p\u00ebr shkak t\u00eb koronavirusit. P\u00ebrmes nj\u00eb mesazhi t\u00eb shp\u00ebrndar\u00eb n\u00eb rrjetet sociale nga ministrja e Sh\u00ebndet\u00ebsis\u00eb, Ogerta Manastirliu, Jonida Shehu thot\u00eb se shtyrja e koh\u00ebs s\u00eb vaksinimit ishte nj\u00eb gabim prandaj u b\u00ebn thirrje t\u00eb gjith\u00ebve q\u00eb t\u00eb injektojn\u00eb doz\u00ebn kund\u00ebr COVID-19 p\u00ebr t\u00eb qen\u00eb t\u00eb mbrojtur kund\u00ebr virusit.<\/p>\n\n\n\n<p>\u201c<em>Nuk besoj se ka ngelur njeri pa nj\u00eb p\u00ebrjetim personal p\u00ebr COVID-in. \u00cbsht\u00eb shum\u00eb e fresk\u00ebt koha e k\u00ebtij COVID-it fatal n\u00eb familjen ton\u00eb. N\u00eb t\u00eb gjitha analizat dhe mendimet q\u00eb m\u00eb vijn\u00eb pas ikjes s\u00eb mamit, \u00ebsht\u00eb q\u00eb asnj\u00ebher\u00eb nuk mendova se ajo do t\u00eb ikte nga COVID-19.<\/em><\/p>\n\n\n\n<p><em>Mbas n\u00ebn\u00ebs time kam pasur edhe njer\u00ebz t\u00eb tjer\u00eb t\u00eb familjes t\u00eb infektuar q\u00eb p\u00ebr fat t\u00eb mir\u00eb ishin vaksinuar, nuk e kaluan thjesht\u00eb, por sot jan\u00eb. Kjo m\u00eb mjafton p\u00ebr t\u00eb menduar q\u00eb shtyrja e koh\u00ebs s\u00eb vaksinimit ishte nj\u00eb gabim<\/em>\u201d shprehet Jonida Shehu<\/p>\n","protected":false},"excerpt":{"rendered":"<p>Pak muaj m\u00eb par\u00eb gazetarja Jonida Shehu humbi n\u00ebn\u00ebn p\u00ebr shkak t\u00eb koronavirusit. P\u00ebrmes nj\u00eb mesazhi t\u00eb shp\u00ebrndar\u00eb n\u00eb rrjetet sociale nga ministrja e Sh\u00ebndet\u00ebsis\u00eb, Ogerta Manastirliu, Jonida Shehu thot\u00eb se shtyrja e koh\u00ebs s\u00eb vaksinimit ishte nj\u00eb gabim prandaj u b\u00ebn thirrje t\u00eb gjith\u00ebve q\u00eb t\u00eb injektojn\u00eb doz\u00ebn kund\u00ebr COVID-19 p\u00ebr t\u00eb qen\u00eb t\u00eb &hellip;<\/p>\n","protected":false},"author":1,"featured_media":11590,"comment_status":"closed","ping_status":"closed","sticky":true,"template":"","format":"standard","meta":{"_jetpack_memberships_contains_paid_content":false,"footnotes":""},"categories":[20],"tags":[],"jetpack_sharing_enabled":true,"jetpack_featured_media_url":"https:\/\/voranews.al\/wp-content\/uploads\/2021\/10\/760219D6-C6C8-43B5-86C5-9603E8D71AB7.jpeg","_links":{"self":[{"href":"https:\/\/voranews.al\/index.php?rest_route=\/wp\/v2\/posts\/11589"}],"collection":[{"href":"https:\/\/voranews.al\/index.php?rest_route=\/wp\/v2\/posts"}],"about":[{"href":"https:\/\/voranews.al\/index.php?rest_route=\/wp\/v2\/types\/post"}],"author":[{"embeddable":true,"href":"https:\/\/voranews.al\/index.php?rest_route=\/wp\/v2\/users\/1"}],"replies":[{"embeddable":true,"href":"https:\/\/voranews.al\/index.php?rest_route=%2Fwp%2Fv2%2Fcomments&post=11589"}],"version-history":[{"count":1,"href":"https:\/\/voranews.al\/index.php?rest_route=\/wp\/v2\/posts\/11589\/revisions"}],"predecessor-version":[{"id":11591,"href":"https:\/\/voranews.al\/index.php?rest_route=\/wp\/v2\/posts\/11589\/revisions\/11591"}],"wp:featuredmedia":[{"embeddable":true,"href":"https:\/\/voranews.al\/index.php?rest_route=\/wp\/v2\/media\/11590"}],"wp:attachment":[{"href":"https:\/\/voranews.al\/index.php?rest_route=%2Fwp%2Fv2%2Fmedia&parent=11589"}],"wp:term":[{"taxonomy":"category","embeddable":true,"href":"https:\/\/voranews.al\/index.php?rest_route=%2Fwp%2Fv2%2Fcategories&post=11589"},{"taxonomy":"post_tag","embeddable":true,"href":"https:\/\/voranews.al\/index.php?rest_route=%2Fwp%2Fv2%2Ftags&post=11589"}],"curies":[{"name":"wp","href":"https:\/\/api.w.org\/{rel}","templated":true}]}}