{"id":11610,"date":"2021-10-25T05:58:14","date_gmt":"2021-10-25T04:58:14","guid":{"rendered":"https:\/\/voranews.al\/?p=11610"},"modified":"2021-10-25T05:58:19","modified_gmt":"2021-10-25T04:58:19","slug":"alarm-i-kuq-per-motin-ne-itali-rruget-kthehen-ne-lumenj-mbyllen-shkollat-per-te-henen","status":"publish","type":"post","link":"https:\/\/voranews.al\/?p=11610","title":{"rendered":"\u201cAlarm i kuq p\u00ebr motin n\u00eb Itali\u201d, rrug\u00ebt kthehen n\u00eb lumenj, mbyllen shkollat p\u00ebr t\u00eb h\u00ebn\u00ebn"},"content":{"rendered":"\n<p>Alarm i kuq p\u00ebr motin n\u00eb Itali. Stuhia e ardhur nga jugu, po shkakton p\u00ebrmbytje kolosale n\u00eb pjes\u00eb t\u00eb ndryshme t\u00eb Si\u00e7ilis\u00eb.<\/p>\n\n\n\n<p>P\u00ebr Mbrojtjen Civile t\u00eb k\u00ebtij&nbsp; rajoni \u201calarmi \u00ebsht\u00eb i kuq\u201d dhe situata po p\u00ebrkeq\u00ebsohet vazhdimisht. Shkollat \u200b\u200bn\u00eb shum\u00eb qytete jan\u00eb mbyllur si mas\u00eb paraprake p\u00ebr dit\u00ebn e nes\u00ebrme.<\/p>\n\n\n\n<p>Shiu pa u ndalur ka r\u00ebn\u00eb m\u00eb shum\u00eb n\u00eb zon\u00ebn e Catanias duke p\u00ebrmbytur rrug\u00ebt. Pantelleria, n\u00eb zon\u00ebn e Trapanese, \u00ebsht\u00eb goditur gjithashtu nga stuhia e fort\u00eb, me shi dhe er\u00eb, e cila ka shnd\u00ebrruar rrug\u00ebt e rretheve n\u00eb lumenj, duke shkaktuar shqet\u00ebsim t\u00eb madh te banor\u00ebt.&nbsp;Kjo zon\u00eb ishte goditur m\u00eb 11 shtator nga nj\u00eb stuhi q\u00eb kishte shkaktuar 2 vdekje dhe 9 t\u00eb plagosur.<\/p>\n\n\n\n<p>Videot e p\u00ebrmbytjeve t\u00eb shp\u00ebrndara n\u00eb rrjete sociale tregoj\u00eb rrug\u00ebt e kthyera n\u00eb lumenj dhe makinat n\u00ebn uj\u00eb. N\u00eb fshatrat ku kultivohen agrume, toka nuk \u00ebsht\u00eb m\u00eb n\u00eb gjendje t\u00eb thith\u00eb ujin e tep\u00ebrt dhe tani vet\u00ebm majat e pem\u00ebve kan\u00eb mbetur jasht\u00eb balt\u00ebs. D\u00ebmi aktualisht \u00ebsht\u00eb i pallogaritsh\u00ebm . \u201cNuk ka viktima apo t\u00eb l\u00ebnduar. Alarmi \u00ebsht\u00eb i kuq\u201d, thot\u00eb drejtori i departamentit rajonal t\u00eb Mbrojtjes Civile Salvo Cocina.<\/p>\n\n\n\n<p>Sipas autoriteteve, cikloni s\u00eb shpejti pritet t\u00eb l\u00ebviz\u00eb drejt jugut, ndaj edhe n\u00eb qytetet e tjera kan\u00eb filluar t\u00eb merren masa paraprake.<\/p>\n","protected":false},"excerpt":{"rendered":"<p>Alarm i kuq p\u00ebr motin n\u00eb Itali. Stuhia e ardhur nga jugu, po shkakton p\u00ebrmbytje kolosale n\u00eb pjes\u00eb t\u00eb ndryshme t\u00eb Si\u00e7ilis\u00eb. P\u00ebr Mbrojtjen Civile t\u00eb k\u00ebtij&nbsp; rajoni \u201calarmi \u00ebsht\u00eb i kuq\u201d dhe situata po p\u00ebrkeq\u00ebsohet vazhdimisht. Shkollat \u200b\u200bn\u00eb shum\u00eb qytete jan\u00eb mbyllur si mas\u00eb paraprake p\u00ebr dit\u00ebn e nes\u00ebrme. Shiu pa u ndalur ka &hellip;<\/p>\n","protected":false},"author":1,"featured_media":11611,"comment_status":"closed","ping_status":"closed","sticky":true,"template":"","format":"standard","meta":{"_jetpack_memberships_contains_paid_content":false,"footnotes":""},"categories":[4],"tags":[],"jetpack_sharing_enabled":true,"jetpack_featured_media_url":"https:\/\/voranews.al\/wp-content\/uploads\/2021\/10\/7357C018-544C-4A99-A7AB-AFECDB7884D2.jpeg","_links":{"self":[{"href":"https:\/\/voranews.al\/index.php?rest_route=\/wp\/v2\/posts\/11610"}],"collection":[{"href":"https:\/\/voranews.al\/index.php?rest_route=\/wp\/v2\/posts"}],"about":[{"href":"https:\/\/voranews.al\/index.php?rest_route=\/wp\/v2\/types\/post"}],"author":[{"embeddable":true,"href":"https:\/\/voranews.al\/index.php?rest_route=\/wp\/v2\/users\/1"}],"replies":[{"embeddable":true,"href":"https:\/\/voranews.al\/index.php?rest_route=%2Fwp%2Fv2%2Fcomments&post=11610"}],"version-history":[{"count":1,"href":"https:\/\/voranews.al\/index.php?rest_route=\/wp\/v2\/posts\/11610\/revisions"}],"predecessor-version":[{"id":11612,"href":"https:\/\/voranews.al\/index.php?rest_route=\/wp\/v2\/posts\/11610\/revisions\/11612"}],"wp:featuredmedia":[{"embeddable":true,"href":"https:\/\/voranews.al\/index.php?rest_route=\/wp\/v2\/media\/11611"}],"wp:attachment":[{"href":"https:\/\/voranews.al\/index.php?rest_route=%2Fwp%2Fv2%2Fmedia&parent=11610"}],"wp:term":[{"taxonomy":"category","embeddable":true,"href":"https:\/\/voranews.al\/index.php?rest_route=%2Fwp%2Fv2%2Fcategories&post=11610"},{"taxonomy":"post_tag","embeddable":true,"href":"https:\/\/voranews.al\/index.php?rest_route=%2Fwp%2Fv2%2Ftags&post=11610"}],"curies":[{"name":"wp","href":"https:\/\/api.w.org\/{rel}","templated":true}]}}