{"id":11613,"date":"2021-10-25T13:51:53","date_gmt":"2021-10-25T12:51:53","guid":{"rendered":"https:\/\/voranews.al\/?p=11613"},"modified":"2021-10-25T13:51:57","modified_gmt":"2021-10-25T12:51:57","slug":"sot-mbaron-afati-i-levizjes-se-lire-me-italine-cfare-ndodh-nga-neser","status":"publish","type":"post","link":"https:\/\/voranews.al\/?p=11613","title":{"rendered":"Sot mbaron afati i l\u00ebvizjes s\u00eb lir\u00eb me Italin\u00eb, \u00e7far\u00eb ndodh nga nes\u00ebr?"},"content":{"rendered":"\n<p>Pas vendosjes s\u00eb detyrimit q\u00eb \u00e7do punonj\u00ebs i sektorit publik dhe privat t\u00eb tregoj\u00eb certifikat\u00ebn sh\u00ebndet\u00ebsore p\u00ebr t\u00eb hyr\u00eb n\u00eb vendin e pun\u00ebs, Italia duket se po nd\u00ebrmerr masa t\u00eb tjera n\u00eb kuad\u00ebr t\u00eb mbrotjes nga koronavirusi.<\/p>\n\n\n\n<p>Autoritetet vendase kan\u00eb vendosur q\u00eb t\u00eb mos lejojn\u00eb futjen e udh\u00ebtar\u00ebve nga Shqip\u00ebria p\u00ebr n\u00eb Itali n\u00eb rastet kur kemi t\u00eb b\u00ebjm\u00eb me nj\u00eb udh\u00ebtim jo esencial. Pas k\u00ebtij vendimi, duke filluar nga dita e nes\u00ebrme, askush nuk do t\u00eb mundet t\u00eb futet n\u00eb Itali p\u00ebr turiz\u00ebm apo q\u00ebllime t\u00eb ngjashme p\u00ebrve\u00e7 rasteve kur ka nj\u00eb arsye t\u00eb fort\u00eb.<\/p>\n\n\n\n<p>Deri m\u00eb tani, sipas regjimit t\u00eb vendeve t\u00eb list\u00ebs \u201cD\u201d, \u00e7do shqiptar mund t\u00eb udh\u00ebtonte p\u00ebr n\u00eb Itali me certifikat\u00eb vaksinimi ose test PCR.<\/p>\n\n\n\n<p>Gjith\u00e7ka rrjedh pas nj\u00eb urdhri t\u00eb l\u00ebshuar n\u00eb gusht nga&nbsp;<strong><a href=\"https:\/\/www.touringclub.it\/viaggiare\/coronavirus-e-viaggi-dove-non-possono-andare-gli-italiani\/immagine\/2\/viaggi-e-coronavirus\">Ministria e Sh\u00ebndet\u00ebsis\u00eb<\/a><\/strong>, e cila e liston Shqip\u00ebrin\u00eb bashk\u00eb me disa shtete t\u00eb tjera si t\u00eb \u201clira\u201d p\u00ebr t\u00eb udh\u00ebtuar deri m\u00eb dat\u00eb 25 tetor sipas kushteve t\u00eb vendosura m\u00eb her\u00ebt.<\/p>\n\n\n\n<p>Momentalisht nuk ka nj\u00eb njoftim n\u00ebse shqiptar\u00ebt do t\u00eb mund t\u00eb udh\u00ebtojn\u00eb p\u00ebr n\u00eb Itali sipas kushteve t\u00eb leht\u00ebsuara t\u00eb vendosura n\u00eb gusht, rrjedhimisht situata kthehet n\u00eb regjimin e m\u00ebparsh\u00ebm.<\/p>\n","protected":false},"excerpt":{"rendered":"<p>Pas vendosjes s\u00eb detyrimit q\u00eb \u00e7do punonj\u00ebs i sektorit publik dhe privat t\u00eb tregoj\u00eb certifikat\u00ebn sh\u00ebndet\u00ebsore p\u00ebr t\u00eb hyr\u00eb n\u00eb vendin e pun\u00ebs, Italia duket se po nd\u00ebrmerr masa t\u00eb tjera n\u00eb kuad\u00ebr t\u00eb mbrotjes nga koronavirusi. Autoritetet vendase kan\u00eb vendosur q\u00eb t\u00eb mos lejojn\u00eb futjen e udh\u00ebtar\u00ebve nga Shqip\u00ebria p\u00ebr n\u00eb Itali n\u00eb rastet &hellip;<\/p>\n","protected":false},"author":1,"featured_media":11614,"comment_status":"closed","ping_status":"closed","sticky":true,"template":"","format":"standard","meta":{"_jetpack_memberships_contains_paid_content":false,"footnotes":""},"categories":[4,38],"tags":[],"jetpack_sharing_enabled":true,"jetpack_featured_media_url":"https:\/\/voranews.al\/wp-content\/uploads\/2021\/10\/7BD77B54-2606-4959-9564-862693CBB1DC.jpeg","_links":{"self":[{"href":"https:\/\/voranews.al\/index.php?rest_route=\/wp\/v2\/posts\/11613"}],"collection":[{"href":"https:\/\/voranews.al\/index.php?rest_route=\/wp\/v2\/posts"}],"about":[{"href":"https:\/\/voranews.al\/index.php?rest_route=\/wp\/v2\/types\/post"}],"author":[{"embeddable":true,"href":"https:\/\/voranews.al\/index.php?rest_route=\/wp\/v2\/users\/1"}],"replies":[{"embeddable":true,"href":"https:\/\/voranews.al\/index.php?rest_route=%2Fwp%2Fv2%2Fcomments&post=11613"}],"version-history":[{"count":1,"href":"https:\/\/voranews.al\/index.php?rest_route=\/wp\/v2\/posts\/11613\/revisions"}],"predecessor-version":[{"id":11615,"href":"https:\/\/voranews.al\/index.php?rest_route=\/wp\/v2\/posts\/11613\/revisions\/11615"}],"wp:featuredmedia":[{"embeddable":true,"href":"https:\/\/voranews.al\/index.php?rest_route=\/wp\/v2\/media\/11614"}],"wp:attachment":[{"href":"https:\/\/voranews.al\/index.php?rest_route=%2Fwp%2Fv2%2Fmedia&parent=11613"}],"wp:term":[{"taxonomy":"category","embeddable":true,"href":"https:\/\/voranews.al\/index.php?rest_route=%2Fwp%2Fv2%2Fcategories&post=11613"},{"taxonomy":"post_tag","embeddable":true,"href":"https:\/\/voranews.al\/index.php?rest_route=%2Fwp%2Fv2%2Ftags&post=11613"}],"curies":[{"name":"wp","href":"https:\/\/api.w.org\/{rel}","templated":true}]}}