{"id":11725,"date":"2021-11-02T11:11:08","date_gmt":"2021-11-02T10:11:08","guid":{"rendered":"https:\/\/voranews.al\/?p=11725"},"modified":"2021-11-02T11:11:13","modified_gmt":"2021-11-02T10:11:13","slug":"zgjedhjet-lokale-te-30-qershorit-nis-seanca-ne-gjykaten-kushtetuese","status":"publish","type":"post","link":"https:\/\/voranews.al\/?p=11725","title":{"rendered":"Zgjedhjet lokale t\u00eb 30 qershorit, nis seanca n\u00eb Gjykat\u00ebn Kushtetuese"},"content":{"rendered":"\n<p>Ka nisur seanca n\u00eb Gjykat\u00ebn Kushtetuese, p\u00ebr shqyrtimin e \u00e7\u00ebshtjes s\u00eb zgjedhjeve t\u00eb 30 qershorit 2019.<\/p>\n\n\n\n<p>Avokati Jordan Daci, i cili \u00ebsht\u00eb p\u00ebrfaq\u00ebsuesi i Shoqat\u00ebs s\u00eb Bashkive i ka q\u00ebndruar t\u00eb nj\u00ebjtave pretendimeve q\u00eb ka ngritur m\u00eb her\u00ebt. Shoqata k\u00ebrkon shpalljen e pavlefshme t\u00eb zgjedhjeve t\u00eb 30 qershorit dhe p\u00ebrs\u00ebritjen e tyre.<\/p>\n\n\n\n<p>Kujtojm\u00eb se Gjykata Kushtetuese iu drejtua Komisionit t\u00eb Venecias p\u00ebr t\u00eb marr\u00eb nj\u00eb opinion final n\u00eb lidhje me zgjedhjet, n\u00eb t\u00eb cilat opozita nuk mori pjes\u00eb.<\/p>\n\n\n\n<p>\u00c7\u00ebshtja p\u00ebr zgjedhjet e 30 qershorit ishte pezulluar n\u00eb pritje t\u00eb p\u00ebrgjigjes nga Komisioni Venecias. Shoqata e Bashkive i \u00ebsht\u00eb drejtuar me nj\u00eb padi gjykat\u00ebs Kushtetuese p\u00ebrmes s\u00eb cil\u00ebs k\u00ebrkon rip\u00ebrs\u00ebritjen e zgjedhjeve t\u00eb 30 qershorit.<\/p>\n\n\n\n<p>N\u00eb p\u00ebrcaktimin e seanc\u00ebs q\u00eb rikthen \u00e7\u00ebshtjen p\u00ebr shqyrtim, Kushtetuesja argumenton se \u00ebsht\u00eb konstatuar se ka r\u00ebn\u00eb shkaku i pezulit t\u00eb procesit, kjo p\u00ebr faktin se Komisioni i Venecias iu p\u00ebrgjigj pyetjeve t\u00eb gjykat\u00ebs.<\/p>\n\n\n\n<p>Gazetarja Klodiana Lala raporton p\u00ebr \u2018BalkanWeb\u2019 diskutimet q\u00eb po mbahen aktualisht n\u00eb seanc\u00eb. Gjat\u00eb fjal\u00ebs s\u00eb saj kryetarja e k\u00ebsaj gjykate, Vitore Tusha tha se \u00ebsht\u00eb kompetenc\u00eb e Kushtetueses t\u00eb gjykoj\u00eb 30 qershorin.<\/p>\n\n\n\n<p><strong>DISKUTIMET N\u00cb SEANC\u00cb<br><\/strong><br><strong>Vitore Tusha:<\/strong>&nbsp;Gjykata Kushtetuese, ka konstatuar r\u00ebnien e shkakut t\u00eb pezullimit dhe vendosi zhvillimin e seanc\u00ebs. N\u00eb k\u00ebt\u00eb moment proceduarial t\u00eb gjith\u00eb pal\u00ebt kan\u00eb marr\u00eb kopjen e Opinionit t\u00eb Venecias. N\u00eb vijim t\u00eb procesit ku parashtrojm\u00eb q\u00eb keni t\u00eb drejt\u00eb, t\u00eb jepni deri n\u00eb 10 minuta, opinion mbi Opinionin e Venecias. Gjykojm\u00eb q\u00eb Komisioni nuk e ka t\u00eb sakt\u00eb, se nuk ka kompetenc\u00eb p\u00ebr t\u00eb gjykuar 30 qershorin. N\u00ebse nuk e ka Gjykata Kushtetuese, kush e ka? Si mund t\u00eb shkohet n\u00eb Strasburg n\u00ebse \u00e7\u00ebshtja nuk kalon n\u00eb Kushtetuese?!<\/p>\n\n\n\n<p><strong>Jordan Daci:<\/strong>&nbsp;Bindja Demokratike hyri n\u00eb zgjedhje fiktivisht. U regjistrua n\u00eb KQZ pa u regjistruar n\u00eb gjykat\u00eb si subjekt juridik. Ky opinion nuk \u00ebsht\u00eb detyrues p\u00ebr Gjykat\u00ebn Kushtetuese n\u00eb t\u00ebr\u00ebsi. Opinioni ka pasur dhe kontradikta. Komisioni i Venecias ka m\u00eb tep\u00ebr opinion politik se p\u00ebrgjigje juridike p\u00ebr pyetjet e d\u00ebrguara. Referuar ligjit, Gjykata Kushtetuese duhet ta gjykoj \u00e7\u00ebshtjen. \u201cKushtetuesja\u2019 duhet ta injoroj\u00eb k\u00ebt\u00eb opinion t\u00eb Komisionit t\u00eb Venecias.<\/p>\n\n\n\n<p>Nd\u00ebrkoh\u00eb, p\u00ebrfaq\u00ebsuesja e Kuvendit Mimoza Arbi ka mb\u00ebshtetur opinionin e Komisionit t\u00eb Venecias. Arbi k\u00ebrkon rr\u00ebzimin e k\u00ebrkes\u00ebs.<\/p>\n\n\n\n<p><strong>PADIA E SHOQAT\u00cbS S\u00cb BASHKIVE T\u00cb SHQIP\u00cbRIS\u00cb<br><\/strong><br>1. Konstatimin antikushtetues t\u00eb zgjedhshm\u00ebris\u00eb\/procesit zgjedhor t\u00eb zhvilluar n\u00eb 30 qershor 2019 p\u00ebr zgjedhjen e organeve t\u00eb qeverisjes vendore, t\u00eb kryetar\u00ebve t\u00eb bashkive dhe an\u00ebtar\u00ebve t\u00eb k\u00ebshillave bashkiak\u00eb, dhe si rrjedhoj\u00eb konstatimin antikushtetues t\u00eb zgjedhjes s\u00eb an\u00ebtar\u00ebve t\u00eb k\u00ebtyre organeve.<br>2. Verifikimin e kushtetutshm\u00ebris\u00eb s\u00eb veprimtaris\u00eb s\u00eb partis\u00eb Bindja Demokratike n\u00eb lidhje me regjistrimin e saj n\u00eb gjykat\u00eb dhe zgjedhjet e dat\u00ebs 30 qershor 2019.<\/p>\n","protected":false},"excerpt":{"rendered":"<p>Ka nisur seanca n\u00eb Gjykat\u00ebn Kushtetuese, p\u00ebr shqyrtimin e \u00e7\u00ebshtjes s\u00eb zgjedhjeve t\u00eb 30 qershorit 2019. Avokati Jordan Daci, i cili \u00ebsht\u00eb p\u00ebrfaq\u00ebsuesi i Shoqat\u00ebs s\u00eb Bashkive i ka q\u00ebndruar t\u00eb nj\u00ebjtave pretendimeve q\u00eb ka ngritur m\u00eb her\u00ebt. Shoqata k\u00ebrkon shpalljen e pavlefshme t\u00eb zgjedhjeve t\u00eb 30 qershorit dhe p\u00ebrs\u00ebritjen e tyre. Kujtojm\u00eb se Gjykata &hellip;<\/p>\n","protected":false},"author":1,"featured_media":11726,"comment_status":"closed","ping_status":"closed","sticky":true,"template":"","format":"standard","meta":{"_jetpack_memberships_contains_paid_content":false,"footnotes":""},"categories":[4],"tags":[],"jetpack_sharing_enabled":true,"jetpack_featured_media_url":"https:\/\/voranews.al\/wp-content\/uploads\/2021\/11\/FAC55342-3F57-43A2-954D-E394380518EA.jpeg","_links":{"self":[{"href":"https:\/\/voranews.al\/index.php?rest_route=\/wp\/v2\/posts\/11725"}],"collection":[{"href":"https:\/\/voranews.al\/index.php?rest_route=\/wp\/v2\/posts"}],"about":[{"href":"https:\/\/voranews.al\/index.php?rest_route=\/wp\/v2\/types\/post"}],"author":[{"embeddable":true,"href":"https:\/\/voranews.al\/index.php?rest_route=\/wp\/v2\/users\/1"}],"replies":[{"embeddable":true,"href":"https:\/\/voranews.al\/index.php?rest_route=%2Fwp%2Fv2%2Fcomments&post=11725"}],"version-history":[{"count":1,"href":"https:\/\/voranews.al\/index.php?rest_route=\/wp\/v2\/posts\/11725\/revisions"}],"predecessor-version":[{"id":11727,"href":"https:\/\/voranews.al\/index.php?rest_route=\/wp\/v2\/posts\/11725\/revisions\/11727"}],"wp:featuredmedia":[{"embeddable":true,"href":"https:\/\/voranews.al\/index.php?rest_route=\/wp\/v2\/media\/11726"}],"wp:attachment":[{"href":"https:\/\/voranews.al\/index.php?rest_route=%2Fwp%2Fv2%2Fmedia&parent=11725"}],"wp:term":[{"taxonomy":"category","embeddable":true,"href":"https:\/\/voranews.al\/index.php?rest_route=%2Fwp%2Fv2%2Fcategories&post=11725"},{"taxonomy":"post_tag","embeddable":true,"href":"https:\/\/voranews.al\/index.php?rest_route=%2Fwp%2Fv2%2Ftags&post=11725"}],"curies":[{"name":"wp","href":"https:\/\/api.w.org\/{rel}","templated":true}]}}