{"id":11832,"date":"2021-11-08T09:20:24","date_gmt":"2021-11-08T08:20:24","guid":{"rendered":"https:\/\/voranews.al\/?p=11832"},"modified":"2021-11-08T09:20:26","modified_gmt":"2021-11-08T08:20:26","slug":"lekundje-termeti-ne-tirane-ja-sa-ishte-magnituda","status":"publish","type":"post","link":"https:\/\/voranews.al\/?p=11832","title":{"rendered":"L\u00ebkundje t\u00ebrmeti n\u00eb Tiran\u00eb, ja sa ishte magnituda"},"content":{"rendered":"\n<p>L\u00ebkundje t\u00ebrmeti jan\u00eb regjistruar pak minuta m\u00eb par\u00eb n\u00eb Tiran\u00eb. T\u00ebrmeti ishte n\u00eb magnitud\u00ebn 3.0 t\u00eb shkall\u00ebs rihter. Epiqendra ishte n\u00eb fshatin Durisht, pran\u00eb Petrel\u00ebs.<\/p>\n\n\n\n<figure class=\"wp-block-image size-large\"><img loading=\"lazy\" decoding=\"async\" width=\"295\" height=\"500\" src=\"https:\/\/voranews.al\/wp-content\/uploads\/2021\/11\/4E257289-2106-4AED-B534-CC1FA1632AD4-295x500.jpeg\" alt=\"\" class=\"wp-image-11833\" srcset=\"https:\/\/voranews.al\/wp-content\/uploads\/2021\/11\/4E257289-2106-4AED-B534-CC1FA1632AD4-295x500.jpeg 295w, https:\/\/voranews.al\/wp-content\/uploads\/2021\/11\/4E257289-2106-4AED-B534-CC1FA1632AD4-177x300.jpeg 177w, https:\/\/voranews.al\/wp-content\/uploads\/2021\/11\/4E257289-2106-4AED-B534-CC1FA1632AD4-768x1304.jpeg 768w, https:\/\/voranews.al\/wp-content\/uploads\/2021\/11\/4E257289-2106-4AED-B534-CC1FA1632AD4.jpeg 900w\" sizes=\"(max-width: 295px) 100vw, 295px\" \/><\/figure>\n\n\n\n<ul><li><\/li><\/ul>\n","protected":false},"excerpt":{"rendered":"<p>L\u00ebkundje t\u00ebrmeti jan\u00eb regjistruar pak minuta m\u00eb par\u00eb n\u00eb Tiran\u00eb. T\u00ebrmeti ishte n\u00eb magnitud\u00ebn 3.0 t\u00eb shkall\u00ebs rihter. Epiqendra ishte n\u00eb fshatin Durisht, pran\u00eb Petrel\u00ebs.<\/p>\n","protected":false},"author":1,"featured_media":11783,"comment_status":"closed","ping_status":"closed","sticky":true,"template":"","format":"standard","meta":{"_jetpack_memberships_contains_paid_content":false,"footnotes":""},"categories":[4],"tags":[],"jetpack_sharing_enabled":true,"jetpack_featured_media_url":"https:\/\/voranews.al\/wp-content\/uploads\/2021\/11\/E528A502-D340-4BE1-A0E7-B9F571FA009C.jpeg","_links":{"self":[{"href":"https:\/\/voranews.al\/index.php?rest_route=\/wp\/v2\/posts\/11832"}],"collection":[{"href":"https:\/\/voranews.al\/index.php?rest_route=\/wp\/v2\/posts"}],"about":[{"href":"https:\/\/voranews.al\/index.php?rest_route=\/wp\/v2\/types\/post"}],"author":[{"embeddable":true,"href":"https:\/\/voranews.al\/index.php?rest_route=\/wp\/v2\/users\/1"}],"replies":[{"embeddable":true,"href":"https:\/\/voranews.al\/index.php?rest_route=%2Fwp%2Fv2%2Fcomments&post=11832"}],"version-history":[{"count":1,"href":"https:\/\/voranews.al\/index.php?rest_route=\/wp\/v2\/posts\/11832\/revisions"}],"predecessor-version":[{"id":11834,"href":"https:\/\/voranews.al\/index.php?rest_route=\/wp\/v2\/posts\/11832\/revisions\/11834"}],"wp:featuredmedia":[{"embeddable":true,"href":"https:\/\/voranews.al\/index.php?rest_route=\/wp\/v2\/media\/11783"}],"wp:attachment":[{"href":"https:\/\/voranews.al\/index.php?rest_route=%2Fwp%2Fv2%2Fmedia&parent=11832"}],"wp:term":[{"taxonomy":"category","embeddable":true,"href":"https:\/\/voranews.al\/index.php?rest_route=%2Fwp%2Fv2%2Fcategories&post=11832"},{"taxonomy":"post_tag","embeddable":true,"href":"https:\/\/voranews.al\/index.php?rest_route=%2Fwp%2Fv2%2Ftags&post=11832"}],"curies":[{"name":"wp","href":"https:\/\/api.w.org\/{rel}","templated":true}]}}