{"id":12099,"date":"2021-12-13T21:36:33","date_gmt":"2021-12-13T20:36:33","guid":{"rendered":"https:\/\/voranews.al\/?p=12099"},"modified":"2021-12-13T21:36:39","modified_gmt":"2021-12-13T20:36:39","slug":"berisha-tregon-pse-basha-nuk-e-kundershtonte-me-pare-kishte-frike-se-i-vinte-grushti-turinjve-per-ti-thyer-dhembet-une-kam-qene-kryetari-i-pd-edhe-ne-keto-8-vite","status":"publish","type":"post","link":"https:\/\/voranews.al\/?p=12099","title":{"rendered":"Berisha tregon pse Basha nuk e kund\u00ebrshtonte m\u00eb par\u00eb: Kishte frik\u00eb se i vinte grushti turinjve p\u00ebr t\u2019i thyer dh\u00ebmb\u00ebt, un\u00eb kam qen\u00eb kryetari i PD edhe n\u00eb k\u00ebto 8 vite"},"content":{"rendered":"\n<p>Ish-kryeministri Sali Berisha ka folur p\u00ebr akuzat e forta q\u00eb kryedemokrati Basha hodhi ndaj tij dit\u00ebn e sotme n\u00eb konferenc\u00ebn p\u00ebr shtyp.<\/p>\n\n\n\n<p>Basha u shpreh se Berisha ka rrahur dhe ka nxjerr\u00eb duke e marr\u00eb zvarr\u00eb \u00e7o ish-kryetar t\u00eb PD-s\u00eb, ndaj Berisha me ironi u shpreh se Basha n\u00eb k\u00ebto 8 vite nuk e ka sulmuar sepse kishte frik\u00eb q\u00eb do t\u2019i vinte ndonj\u00eb grusht turinjve p\u00ebr t\u2019i thyer dh\u00ebmb\u00ebt.<\/p>\n\n\n\n<p>\u201cSot ish-kreu Basha d\u00ebshmoi sesa ka ndejtur \u201csus\u201d para meje p\u00ebr 8 vite. Ka p\u00ebrfytyruar se pas \u00e7do kund\u00ebrshtie do t\u00eb ket\u00eb nj\u00eb grusht turinjve p\u00ebr t\u2019i thyer dh\u00ebmb\u00ebt. Nxjerr akuza ndaj meje q\u00eb nuk jan\u00eb nxjerr\u00eb n\u00eb 31 vite. Ai paska ndejtur \u201csus\u201d para meje nga frika se do t\u00eb rrihej\u201d, tha Berisha n\u00eb Syri Tv.<\/p>\n\n\n\n<p>I pyetur n\u00ebse PD ka patur 2 kryetar\u00eb n\u00eb k\u00ebto 8 vitet e fundit, Berisha tha se kryetari i vet\u00ebm moral i PD-s\u00eb ishte ai, pasi ka b\u00ebr\u00eb n\u00eb \u00e7do koh\u00eb avokatin\u00eb e demokrat\u00ebve.<\/p>\n\n\n\n<p>PD ka qen\u00eb vet\u00ebm me 1 kryetar n\u00eb rrafshin moral, sepse n\u00eb 8 vite, nuk ka b\u00ebr\u00eb gj\u00eb tjet\u00ebr, vet\u00ebm avokatin\u00eb e demokrat\u00ebve, n\u00eb nj\u00eb koh\u00eb kur peng-kryetari zgjidhte heshtjen p\u00ebr t\u00eb cil\u00ebn akuzonte zyr\u00ebn e shtypit se nuk e lejonte ajo t\u00eb shprehej. N\u00eb rrafshin moral ka edhe disa statistika t\u00eb tjera q\u00eb tregojn\u00eb se zhvillimet e mia ishin shum\u00ebfishi i q\u00ebndrimeve t\u00eb tij.<\/p>\n","protected":false},"excerpt":{"rendered":"<p>Ish-kryeministri Sali Berisha ka folur p\u00ebr akuzat e forta q\u00eb kryedemokrati Basha hodhi ndaj tij dit\u00ebn e sotme n\u00eb konferenc\u00ebn p\u00ebr shtyp. Basha u shpreh se Berisha ka rrahur dhe ka nxjerr\u00eb duke e marr\u00eb zvarr\u00eb \u00e7o ish-kryetar t\u00eb PD-s\u00eb, ndaj Berisha me ironi u shpreh se Basha n\u00eb k\u00ebto 8 vite nuk e ka &hellip;<\/p>\n","protected":false},"author":1,"featured_media":12100,"comment_status":"closed","ping_status":"closed","sticky":true,"template":"","format":"standard","meta":{"_jetpack_memberships_contains_paid_content":false,"footnotes":""},"categories":[4],"tags":[],"jetpack_sharing_enabled":true,"jetpack_featured_media_url":"https:\/\/voranews.al\/wp-content\/uploads\/2021\/12\/53ADE2D8-69B8-4A10-AEF4-5910FD620B26.jpeg","_links":{"self":[{"href":"https:\/\/voranews.al\/index.php?rest_route=\/wp\/v2\/posts\/12099"}],"collection":[{"href":"https:\/\/voranews.al\/index.php?rest_route=\/wp\/v2\/posts"}],"about":[{"href":"https:\/\/voranews.al\/index.php?rest_route=\/wp\/v2\/types\/post"}],"author":[{"embeddable":true,"href":"https:\/\/voranews.al\/index.php?rest_route=\/wp\/v2\/users\/1"}],"replies":[{"embeddable":true,"href":"https:\/\/voranews.al\/index.php?rest_route=%2Fwp%2Fv2%2Fcomments&post=12099"}],"version-history":[{"count":1,"href":"https:\/\/voranews.al\/index.php?rest_route=\/wp\/v2\/posts\/12099\/revisions"}],"predecessor-version":[{"id":12101,"href":"https:\/\/voranews.al\/index.php?rest_route=\/wp\/v2\/posts\/12099\/revisions\/12101"}],"wp:featuredmedia":[{"embeddable":true,"href":"https:\/\/voranews.al\/index.php?rest_route=\/wp\/v2\/media\/12100"}],"wp:attachment":[{"href":"https:\/\/voranews.al\/index.php?rest_route=%2Fwp%2Fv2%2Fmedia&parent=12099"}],"wp:term":[{"taxonomy":"category","embeddable":true,"href":"https:\/\/voranews.al\/index.php?rest_route=%2Fwp%2Fv2%2Fcategories&post=12099"},{"taxonomy":"post_tag","embeddable":true,"href":"https:\/\/voranews.al\/index.php?rest_route=%2Fwp%2Fv2%2Ftags&post=12099"}],"curies":[{"name":"wp","href":"https:\/\/api.w.org\/{rel}","templated":true}]}}