{"id":12393,"date":"2022-01-14T17:17:49","date_gmt":"2022-01-14T16:17:49","guid":{"rendered":"https:\/\/voranews.al\/?p=12393"},"modified":"2022-01-14T17:17:50","modified_gmt":"2022-01-14T16:17:50","slug":"pd-i-pergjigjet-presidentit-meta-ne-aleance-me-berishen-pati-rol-aktiv-ne-sulmin-ndaj-selise","status":"publish","type":"post","link":"https:\/\/voranews.al\/?p=12393","title":{"rendered":"PD i p\u00ebrgjigjet Presidentit: Meta n\u00eb aleanc\u00eb me Berish\u00ebn, pati rol aktiv n\u00eb sulmin ndaj selis\u00eb"},"content":{"rendered":"\n<p>Partia Demokratike ka reaguar n\u00eb lidhje me deklarat\u00ebn e presidentit Ilir Meta dit\u00ebn e sotme, ku nuk e fshehur aleanc\u00ebn me Sali Berish\u00ebn.<\/p>\n\n\n\n<p>PD thot\u00eb se Meta me daklarat\u00ebn e tij tregoi hapur rolin e tij aktiv n\u00eb sulmin ndaj selis\u00eb qendrore t\u00eb PD.<\/p>\n\n\n\n<p><em>\u201cQ\u00ebndrimi i sot\u00ebm i Ilir Met\u00ebs, ku nuk fshehu aleanc\u00ebn me Sali Berish\u00ebn kund\u00ebr Partis\u00eb Demokratike dhe rolin e tij aktiv n\u00eb sulmin ndaj selis\u00eb qendrore t\u00eb Partis\u00eb Demokratike, \u00ebsht\u00eb e v\u00ebrteta trondit\u00ebse q\u00eb po kuptojn\u00eb dita-dit\u00ebs demokrat\u00ebt.<\/em><\/p>\n\n\n\n<p><em>Sali Berisha dhe Ilir Meta jan\u00eb n\u00eb nj\u00eb aleanc\u00eb p\u00ebr t\u00eb shkat\u00ebrruar Partin\u00eb Demokratike, vet\u00ebm p\u00ebr faktin se ajo nuk b\u00ebhet bunker ku strehohen ata q\u00eb kan\u00eb halle personale. Partia Demokratike rip\u00ebrs\u00ebrit k\u00ebrkes\u00ebn q\u00eb Ilir Meta dhe njer\u00ebzit e tij t\u00eb q\u00ebndrojn\u00eb larg selis\u00eb s\u00eb Partis\u00eb Demokratike. Koha kur PD p\u00ebrdorej si mburoj\u00eb nga Ilir Meta ka p\u00ebrfunduar n\u00eb 9 Shtator, kur PD u distancua nga Sali Berisha.<\/em><\/p>\n\n\n\n<p><em>Nd\u00ebrhyrja e Presidentit t\u00eb Republik\u00ebs, nj\u00eblloj si Edi Rama, n\u00eb nj\u00eb debat t\u00eb brendsh\u00ebm n\u00eb Partin\u00eb Demokratike, tregon at\u00eb q\u00eb kemi th\u00ebn\u00eb q\u00eb n\u00eb nisje, q\u00eb trek\u00ebnd\u00ebshin Berisha-Rama-Meta e bashkon nj\u00eb hall i madh, por q\u00eb nuk \u00ebsht\u00eb as halli i Partis\u00eb Demokratike dhe as halli i qytetar\u00ebve shqiptar\u00eb\u201d,<\/em>shkruan PD.<\/p>\n","protected":false},"excerpt":{"rendered":"<p>Partia Demokratike ka reaguar n\u00eb lidhje me deklarat\u00ebn e presidentit Ilir Meta dit\u00ebn e sotme, ku nuk e fshehur aleanc\u00ebn me Sali Berish\u00ebn. PD thot\u00eb se Meta me daklarat\u00ebn e tij tregoi hapur rolin e tij aktiv n\u00eb sulmin ndaj selis\u00eb qendrore t\u00eb PD. \u201cQ\u00ebndrimi i sot\u00ebm i Ilir Met\u00ebs, ku nuk fshehu aleanc\u00ebn me &hellip;<\/p>\n","protected":false},"author":1,"featured_media":12394,"comment_status":"closed","ping_status":"closed","sticky":true,"template":"","format":"standard","meta":{"_jetpack_memberships_contains_paid_content":false,"footnotes":""},"categories":[4],"tags":[],"jetpack_sharing_enabled":true,"jetpack_featured_media_url":"https:\/\/voranews.al\/wp-content\/uploads\/2022\/01\/EFC8443E-72A9-42FB-A9A8-18A288BA93A4.jpeg","_links":{"self":[{"href":"https:\/\/voranews.al\/index.php?rest_route=\/wp\/v2\/posts\/12393"}],"collection":[{"href":"https:\/\/voranews.al\/index.php?rest_route=\/wp\/v2\/posts"}],"about":[{"href":"https:\/\/voranews.al\/index.php?rest_route=\/wp\/v2\/types\/post"}],"author":[{"embeddable":true,"href":"https:\/\/voranews.al\/index.php?rest_route=\/wp\/v2\/users\/1"}],"replies":[{"embeddable":true,"href":"https:\/\/voranews.al\/index.php?rest_route=%2Fwp%2Fv2%2Fcomments&post=12393"}],"version-history":[{"count":1,"href":"https:\/\/voranews.al\/index.php?rest_route=\/wp\/v2\/posts\/12393\/revisions"}],"predecessor-version":[{"id":12395,"href":"https:\/\/voranews.al\/index.php?rest_route=\/wp\/v2\/posts\/12393\/revisions\/12395"}],"wp:featuredmedia":[{"embeddable":true,"href":"https:\/\/voranews.al\/index.php?rest_route=\/wp\/v2\/media\/12394"}],"wp:attachment":[{"href":"https:\/\/voranews.al\/index.php?rest_route=%2Fwp%2Fv2%2Fmedia&parent=12393"}],"wp:term":[{"taxonomy":"category","embeddable":true,"href":"https:\/\/voranews.al\/index.php?rest_route=%2Fwp%2Fv2%2Fcategories&post=12393"},{"taxonomy":"post_tag","embeddable":true,"href":"https:\/\/voranews.al\/index.php?rest_route=%2Fwp%2Fv2%2Ftags&post=12393"}],"curies":[{"name":"wp","href":"https:\/\/api.w.org\/{rel}","templated":true}]}}