{"id":12574,"date":"2022-01-30T09:37:56","date_gmt":"2022-01-30T08:37:56","guid":{"rendered":"https:\/\/voranews.al\/?p=12574"},"modified":"2022-01-30T09:37:57","modified_gmt":"2022-01-30T08:37:57","slug":"komisioni-i-rithemelimit-ben-njoftimin-e-rendesishem","status":"publish","type":"post","link":"https:\/\/voranews.al\/?p=12574","title":{"rendered":"Komisioni i Rithemelimit b\u00ebn njoftimin e r\u00ebnd\u00ebsish\u00ebm"},"content":{"rendered":"\n<p>Komisioni i Rithemelimit b\u00ebn me dije se, prej or\u00ebs 08:00, jan\u00eb hapur t\u00eb gjitha qendrat e votimit ku do t\u00eb votohet p\u00ebr zgjedhjen e kandidat\u00ebve q\u00eb do t\u00eb garojn\u00eb p\u00ebr kryetar bashkie n\u00eb Shkod\u00ebr, Durr\u00ebs, Dib\u00ebr,Lushnje, Rrogozhin\u00eb dhe Vor\u00eb.<\/p>\n\n\n\n<p>Votimi ka nisur i qet\u00eb dhe pa probleme. Komisioni i Rithemelimit fton \u00e7do an\u00ebtar t\u00eb PD t\u00eb ushtroj\u00eb t\u00eb drejt\u00ebn e vot\u00ebs, p\u00ebr t\u00eb zgjedhur p\u00ebrfaq\u00ebsuesin e tyre n\u00eb gar\u00ebn p\u00ebr kryetar bashkie.<\/p>\n\n\n\n<p>\u201c<em>Komisioni i Organizimit dhe Kontrollit t\u00eb Operacioneve Elektorale pran\u00eb Partis\u00eb Demokratike (PD) informon:<\/em><\/p>\n\n\n\n<p><em>T\u00eb 9 Qendrat e Votimit (3 QV n\u00eb Shkod\u00ebr, 2 QV n\u00eb Durr\u00ebs, 1 QV n\u00eb Dib\u00ebr, 1 QV n\u00eb Lushnj\u00eb, 1 QV n\u00eb Rrogozhin\u00eb dhe 1 QV n\u00eb Vor\u00eb) jan\u00eb hapur n\u00eb or\u00ebn 8.<\/em><\/p>\n\n\n\n<p><em>Procesi i votimit ka nisur i qet\u00eb e pa probleme.<\/em><\/p>\n\n\n\n<p><em>Komisioni i Organizimit dhe Kontrollit t\u00eb Operacioneve Elektorale fton cdo an\u00ebtar t\u00eb PD n\u00eb 6 deg\u00ebt e PD ku po zhvillohet procesi i votimit p\u00ebr Primare, t\u00eb ushtroj\u00eb t\u00eb drejt\u00ebn e vot\u00ebs p\u00ebr t\u00eb zgjedhur p\u00ebrfaq\u00ebsuesin e tyre n\u00eb gar\u00ebn p\u00ebr kryetar bashkie. Primaret, si ushtrim i demokracis\u00eb s\u00eb drejtp\u00ebrdrejt\u00eb tashm\u00eb e kalojne vendimmarrjen te an\u00ebtar\u00ebsia.<\/em><\/p>\n\n\n\n<p><em>Komisioni do t\u00eb informoj\u00eb n\u00eb m\u00ebnyr\u00eb periodike publikun n\u00eb lidhje me ecurin\u00eb e procesit t\u00eb votimit p\u00ebr Primare<\/em>\u201d, thuhet n\u00eb njoftim.<\/p>\n","protected":false},"excerpt":{"rendered":"<p>Komisioni i Rithemelimit b\u00ebn me dije se, prej or\u00ebs 08:00, jan\u00eb hapur t\u00eb gjitha qendrat e votimit ku do t\u00eb votohet p\u00ebr zgjedhjen e kandidat\u00ebve q\u00eb do t\u00eb garojn\u00eb p\u00ebr kryetar bashkie n\u00eb Shkod\u00ebr, Durr\u00ebs, Dib\u00ebr,Lushnje, Rrogozhin\u00eb dhe Vor\u00eb. Votimi ka nisur i qet\u00eb dhe pa probleme. Komisioni i Rithemelimit fton \u00e7do an\u00ebtar t\u00eb PD &hellip;<\/p>\n","protected":false},"author":1,"featured_media":12575,"comment_status":"closed","ping_status":"closed","sticky":true,"template":"","format":"standard","meta":{"_jetpack_memberships_contains_paid_content":false,"footnotes":""},"categories":[4],"tags":[],"jetpack_sharing_enabled":true,"jetpack_featured_media_url":"https:\/\/voranews.al\/wp-content\/uploads\/2022\/01\/047609F6-AC54-4B5A-8FB4-ADD76FC4BDDC.jpeg","_links":{"self":[{"href":"https:\/\/voranews.al\/index.php?rest_route=\/wp\/v2\/posts\/12574"}],"collection":[{"href":"https:\/\/voranews.al\/index.php?rest_route=\/wp\/v2\/posts"}],"about":[{"href":"https:\/\/voranews.al\/index.php?rest_route=\/wp\/v2\/types\/post"}],"author":[{"embeddable":true,"href":"https:\/\/voranews.al\/index.php?rest_route=\/wp\/v2\/users\/1"}],"replies":[{"embeddable":true,"href":"https:\/\/voranews.al\/index.php?rest_route=%2Fwp%2Fv2%2Fcomments&post=12574"}],"version-history":[{"count":1,"href":"https:\/\/voranews.al\/index.php?rest_route=\/wp\/v2\/posts\/12574\/revisions"}],"predecessor-version":[{"id":12576,"href":"https:\/\/voranews.al\/index.php?rest_route=\/wp\/v2\/posts\/12574\/revisions\/12576"}],"wp:featuredmedia":[{"embeddable":true,"href":"https:\/\/voranews.al\/index.php?rest_route=\/wp\/v2\/media\/12575"}],"wp:attachment":[{"href":"https:\/\/voranews.al\/index.php?rest_route=%2Fwp%2Fv2%2Fmedia&parent=12574"}],"wp:term":[{"taxonomy":"category","embeddable":true,"href":"https:\/\/voranews.al\/index.php?rest_route=%2Fwp%2Fv2%2Fcategories&post=12574"},{"taxonomy":"post_tag","embeddable":true,"href":"https:\/\/voranews.al\/index.php?rest_route=%2Fwp%2Fv2%2Ftags&post=12574"}],"curies":[{"name":"wp","href":"https:\/\/api.w.org\/{rel}","templated":true}]}}