{"id":12660,"date":"2022-02-11T12:31:34","date_gmt":"2022-02-11T11:31:34","guid":{"rendered":"https:\/\/voranews.al\/?p=12660"},"modified":"2022-02-11T12:31:35","modified_gmt":"2022-02-11T11:31:35","slug":"lajm-i-fundit-denohet-me-21-vite-burg-izet-haxhia","status":"publish","type":"post","link":"https:\/\/voranews.al\/?p=12660","title":{"rendered":"LAJM I FUNDIT\/ D\u00ebnohet me 21 vite burg Izet Haxhia"},"content":{"rendered":"\n<p>Gjykata e Tiran\u00ebs ka d\u00ebnuar me 21-vite burg, Izet Haxhin\u00eb, ish-truproj\u00ebn e Sali Berish\u00ebs, p\u00ebr vrasjen e Azem Hajdarit n\u00eb 12 Shtator 1998.<\/p>\n\n\n\n<p>1.Deklarimin fajtor te te pandehuri Izet I. Haxhia per kryerjen e vepres penale te \u201cVrasje me paramendim\u201d e kryer ne bashkepunim dhe ne baze te nenit 78\/2 e 25 te K.Penal denimin e tij me 21 (njezet e nje) vite burgjm.<\/p>\n\n\n\n<p>2.Vuajtja e denimit te kryhet ne nje burg te sigurise se zakonse.<\/p>\n\n\n\n<p>3. Ne kohen e vuajtjes se denimit te llogaritet koha e qendrimit te tij ne arrest ne burg si dhe duke vuajtur denimin.<\/p>\n\n\n\n<p>U shpall ne Tirane ne daten 11.02.2022.<\/p>\n","protected":false},"excerpt":{"rendered":"<p>Gjykata e Tiran\u00ebs ka d\u00ebnuar me 21-vite burg, Izet Haxhin\u00eb, ish-truproj\u00ebn e Sali Berish\u00ebs, p\u00ebr vrasjen e Azem Hajdarit n\u00eb 12 Shtator 1998. 1.Deklarimin fajtor te te pandehuri Izet I. Haxhia per kryerjen e vepres penale te \u201cVrasje me paramendim\u201d e kryer ne bashkepunim dhe ne baze te nenit 78\/2 e 25 te K.Penal denimin &hellip;<\/p>\n","protected":false},"author":1,"featured_media":12661,"comment_status":"closed","ping_status":"closed","sticky":true,"template":"","format":"standard","meta":{"_jetpack_memberships_contains_paid_content":false,"footnotes":""},"categories":[4],"tags":[],"jetpack_sharing_enabled":true,"jetpack_featured_media_url":"https:\/\/voranews.al\/wp-content\/uploads\/2022\/02\/E4C0E844-76CE-405E-BCA9-46B084FEB85A.jpeg","_links":{"self":[{"href":"https:\/\/voranews.al\/index.php?rest_route=\/wp\/v2\/posts\/12660"}],"collection":[{"href":"https:\/\/voranews.al\/index.php?rest_route=\/wp\/v2\/posts"}],"about":[{"href":"https:\/\/voranews.al\/index.php?rest_route=\/wp\/v2\/types\/post"}],"author":[{"embeddable":true,"href":"https:\/\/voranews.al\/index.php?rest_route=\/wp\/v2\/users\/1"}],"replies":[{"embeddable":true,"href":"https:\/\/voranews.al\/index.php?rest_route=%2Fwp%2Fv2%2Fcomments&post=12660"}],"version-history":[{"count":1,"href":"https:\/\/voranews.al\/index.php?rest_route=\/wp\/v2\/posts\/12660\/revisions"}],"predecessor-version":[{"id":12662,"href":"https:\/\/voranews.al\/index.php?rest_route=\/wp\/v2\/posts\/12660\/revisions\/12662"}],"wp:featuredmedia":[{"embeddable":true,"href":"https:\/\/voranews.al\/index.php?rest_route=\/wp\/v2\/media\/12661"}],"wp:attachment":[{"href":"https:\/\/voranews.al\/index.php?rest_route=%2Fwp%2Fv2%2Fmedia&parent=12660"}],"wp:term":[{"taxonomy":"category","embeddable":true,"href":"https:\/\/voranews.al\/index.php?rest_route=%2Fwp%2Fv2%2Fcategories&post=12660"},{"taxonomy":"post_tag","embeddable":true,"href":"https:\/\/voranews.al\/index.php?rest_route=%2Fwp%2Fv2%2Ftags&post=12660"}],"curies":[{"name":"wp","href":"https:\/\/api.w.org\/{rel}","templated":true}]}}