{"id":12752,"date":"2022-02-20T17:24:01","date_gmt":"2022-02-20T16:24:01","guid":{"rendered":"https:\/\/voranews.al\/?p=12752"},"modified":"2022-02-20T17:24:02","modified_gmt":"2022-02-20T16:24:02","slug":"prezantimi-i-emiriana-sakos-gjiknuri-durresi-nuk-mund-te-behet-beteje-e-njerezve-te-humbur-politikisht","status":"publish","type":"post","link":"https:\/\/voranews.al\/?p=12752","title":{"rendered":"Prezantimi i Emiriana Sakos, Gjiknuri: Durr\u00ebsi nuk mund t\u00eb b\u00ebhet betej\u00eb e njer\u00ebzve t\u00eb humbur politikisht"},"content":{"rendered":"\n<p>Sekretari i P\u00ebrgjithsh\u00ebm i PS, Damian Gjiknuri, prezantoi zyrtarisht kandidaten e Partis\u00eb Socialiste p\u00ebr kryetare t\u00eb Bashkis\u00eb s\u00eb Durr\u00ebsit, Emiriana Sako.<\/p>\n\n\n\n<p>Duke theksuar momentin n\u00eb t\u00eb cil\u00ebn po zhvillohen zgjedhjet e pjesshme lokale, t\u00eb 6 Marsit, Gjiknuri u shpreh se Durr\u00ebsi ka shansin e art\u00eb p\u00ebr t\u2019u transformuar t\u00ebr\u00ebsisht dhe nuk mund t\u00eb b\u00ebhet betej\u00eb e njer\u00ebzve t\u00eb &nbsp;humbur politikisht.<\/p>\n\n\n\n<p>\u201cUn\u00eb e di q\u00eb fitorja nuk k\u00ebrc\u00ebnohet nga kund\u00ebrshtar\u00ebt tan\u00eb, n\u00eb luft\u00eb jan\u00eb dy humb\u00ebsa, nj\u00ebri \u00ebsht\u00eb humb\u00ebs kronik, por q\u00eb \u00ebsht\u00eb \u2018grata\u2019 dhe tjetri q\u00eb \u00ebsht\u00eb i pap\u00eblqyesh\u00ebm nga faktori nd\u00ebrkomb\u00ebtar, nga SHBA, por nj\u00ebkoh\u00ebsisht \u00ebsht\u00eb nj\u00eb njeri q\u00eb ju e dini shum\u00eb mir\u00eb historin\u00eb e tij politike, thjesht ata luftojn\u00eb p\u00ebr mbijetes\u00ebn e tyre politike. Po pse do t\u00eb p\u00ebrdoren qytetar\u00ebt durr\u00ebsak apo t\u00eb bashkive t\u00eb tjera se kush nga ata do t\u00eb mbijetoj\u00eb politikisht? Jo se kan\u00eb durr\u00ebsak\u00ebt k\u00ebt\u00eb hall, durr\u00ebsak\u00ebt duan zhvillimin, se jan\u00eb qytetar\u00eb nga natyra dhe duan zhvillimin, nuk jan\u00eb tifoz\u00eb politik\u00eb, nuk e fiton dot kollaj zemr\u00ebn e Durr\u00ebsit, p\u00ebrve\u00e7se me vepra konkrete dhe me sjellje konkrete\u201d, u shpreh Gjiknuri.<\/p>\n","protected":false},"excerpt":{"rendered":"<p>Sekretari i P\u00ebrgjithsh\u00ebm i PS, Damian Gjiknuri, prezantoi zyrtarisht kandidaten e Partis\u00eb Socialiste p\u00ebr kryetare t\u00eb Bashkis\u00eb s\u00eb Durr\u00ebsit, Emiriana Sako. Duke theksuar momentin n\u00eb t\u00eb cil\u00ebn po zhvillohen zgjedhjet e pjesshme lokale, t\u00eb 6 Marsit, Gjiknuri u shpreh se Durr\u00ebsi ka shansin e art\u00eb p\u00ebr t\u2019u transformuar t\u00ebr\u00ebsisht dhe nuk mund t\u00eb b\u00ebhet betej\u00eb &hellip;<\/p>\n","protected":false},"author":1,"featured_media":12753,"comment_status":"closed","ping_status":"closed","sticky":true,"template":"","format":"standard","meta":{"_jetpack_memberships_contains_paid_content":false,"footnotes":""},"categories":[4],"tags":[],"jetpack_sharing_enabled":true,"jetpack_featured_media_url":"https:\/\/voranews.al\/wp-content\/uploads\/2022\/02\/5F50E1F2-E667-4647-BF7A-D44E82E6CC72.png","_links":{"self":[{"href":"https:\/\/voranews.al\/index.php?rest_route=\/wp\/v2\/posts\/12752"}],"collection":[{"href":"https:\/\/voranews.al\/index.php?rest_route=\/wp\/v2\/posts"}],"about":[{"href":"https:\/\/voranews.al\/index.php?rest_route=\/wp\/v2\/types\/post"}],"author":[{"embeddable":true,"href":"https:\/\/voranews.al\/index.php?rest_route=\/wp\/v2\/users\/1"}],"replies":[{"embeddable":true,"href":"https:\/\/voranews.al\/index.php?rest_route=%2Fwp%2Fv2%2Fcomments&post=12752"}],"version-history":[{"count":1,"href":"https:\/\/voranews.al\/index.php?rest_route=\/wp\/v2\/posts\/12752\/revisions"}],"predecessor-version":[{"id":12754,"href":"https:\/\/voranews.al\/index.php?rest_route=\/wp\/v2\/posts\/12752\/revisions\/12754"}],"wp:featuredmedia":[{"embeddable":true,"href":"https:\/\/voranews.al\/index.php?rest_route=\/wp\/v2\/media\/12753"}],"wp:attachment":[{"href":"https:\/\/voranews.al\/index.php?rest_route=%2Fwp%2Fv2%2Fmedia&parent=12752"}],"wp:term":[{"taxonomy":"category","embeddable":true,"href":"https:\/\/voranews.al\/index.php?rest_route=%2Fwp%2Fv2%2Fcategories&post=12752"},{"taxonomy":"post_tag","embeddable":true,"href":"https:\/\/voranews.al\/index.php?rest_route=%2Fwp%2Fv2%2Ftags&post=12752"}],"curies":[{"name":"wp","href":"https:\/\/api.w.org\/{rel}","templated":true}]}}