{"id":13242,"date":"2022-04-24T21:43:11","date_gmt":"2022-04-24T20:43:11","guid":{"rendered":"https:\/\/voranews.al\/?p=13242"},"modified":"2022-04-24T21:43:15","modified_gmt":"2022-04-24T20:43:15","slug":"fitore-historike-por-macron-ka-polarizuar-francen","status":"publish","type":"post","link":"https:\/\/voranews.al\/?p=13242","title":{"rendered":"Fitore historike, por Macron ka polarizuar Franc\u00ebn"},"content":{"rendered":"\n<p>Sipas sondazheve, \u00ebsht\u00eb e drejt\u00eb t\u00eb pranohet shkalla e arritjes s\u00eb Presidentit Macron. Kjo \u00ebsht\u00eb hera e par\u00eb q\u00eb nj\u00eb president qeveris\u00ebs i Republik\u00ebs s\u00eb Pest\u00eb rizgjidhet.<\/p>\n\n\n\n<p>Emmanuel Macron \u00ebsht\u00eb presidenti i par\u00eb n\u00eb koh\u00ebt moderne q\u00eb pasi ka drejtuar p\u00ebr nj\u00eb mandat t\u00eb plot\u00eb \u00e7do aspekt t\u00eb politik\u00ebs s\u00eb jashtme dhe t\u00eb brendshme, ka fituar s\u00ebrish besimin e popullit.<\/p>\n\n\n\n<p>Teksa shihet marr\u00ebdh\u00ebnia e gjat\u00eb t\u00eb Franc\u00ebs me qeverin\u00eb, e cila n\u00eb thelb \u00ebsht\u00eb p\u00ebr t\u2019i brohoritur, pastaj p\u00ebr t\u2019i larguar n\u00eb rastin e pare, &nbsp;kjo nuk \u00ebsht\u00eb nj\u00eb arritje e mir\u00eb.<\/p>\n\n\n\n<p>Macron e ka b\u00ebr\u00eb k\u00ebt\u00eb me dy metoda, e para premton shum\u00eb p\u00ebr pes\u00eb vitet e ardhshme, nd\u00ebrsa e dyta m\u00eb pak.<\/p>\n\n\n\n<p>Rezultatet sugjerojn\u00eb se t\u00eb fshehur n\u00ebn mas\u00ebn e val\u00ebzuar t\u00eb karikaturave t\u00eb mediave sociale, &nbsp;t\u00eb pasurit arrogant\u00eb parizian\u00eb, turma e zem\u00ebruar provincial, ka miliona francez\u00eb t\u00eb tipit t\u00eb mes\u00ebm q\u00eb mendojn\u00eb se Emmanuel Macron nuk ka qen\u00eb aspak nj\u00eb president i keq.<\/p>\n\n\n\n<p>K\u00ebta njer\u00ebz vler\u00ebsojn\u00eb se papun\u00ebsia nuk \u00ebsht\u00eb m\u00eb nj\u00eb \u00e7\u00ebshtje politike, kryesisht p\u00ebr shkak t\u00eb reformave t\u00eb Macron.&nbsp;Ata mendojn\u00eb se trajtimi i tij i Covid-it ishte kompetent dhe ata pajtohen se shtyrja e mosh\u00ebs s\u00eb pensionit \u00ebsht\u00eb e pashmangshme.<\/p>\n\n\n\n<p><strong>Burimi:\u00a0<a href=\"https:\/\/www.bbc.com\/news\/world-europe-61209765\">BBC<\/a><\/strong><\/p>\n\n\n\n<p><strong>VoraNews<\/strong><\/p>\n","protected":false},"excerpt":{"rendered":"<p>Sipas sondazheve, \u00ebsht\u00eb e drejt\u00eb t\u00eb pranohet shkalla e arritjes s\u00eb Presidentit Macron. Kjo \u00ebsht\u00eb hera e par\u00eb q\u00eb nj\u00eb president qeveris\u00ebs i Republik\u00ebs s\u00eb Pest\u00eb rizgjidhet. Emmanuel Macron \u00ebsht\u00eb presidenti i par\u00eb n\u00eb koh\u00ebt moderne q\u00eb pasi ka drejtuar p\u00ebr nj\u00eb mandat t\u00eb plot\u00eb \u00e7do aspekt t\u00eb politik\u00ebs s\u00eb jashtme dhe t\u00eb brendshme, ka &hellip;<\/p>\n","protected":false},"author":1,"featured_media":13243,"comment_status":"closed","ping_status":"closed","sticky":true,"template":"","format":"standard","meta":{"_jetpack_memberships_contains_paid_content":false,"footnotes":""},"categories":[38],"tags":[],"jetpack_sharing_enabled":true,"jetpack_featured_media_url":"https:\/\/voranews.al\/wp-content\/uploads\/2022\/04\/A937803C-FAE3-4F0F-9794-A249E69B4699.jpeg","_links":{"self":[{"href":"https:\/\/voranews.al\/index.php?rest_route=\/wp\/v2\/posts\/13242"}],"collection":[{"href":"https:\/\/voranews.al\/index.php?rest_route=\/wp\/v2\/posts"}],"about":[{"href":"https:\/\/voranews.al\/index.php?rest_route=\/wp\/v2\/types\/post"}],"author":[{"embeddable":true,"href":"https:\/\/voranews.al\/index.php?rest_route=\/wp\/v2\/users\/1"}],"replies":[{"embeddable":true,"href":"https:\/\/voranews.al\/index.php?rest_route=%2Fwp%2Fv2%2Fcomments&post=13242"}],"version-history":[{"count":1,"href":"https:\/\/voranews.al\/index.php?rest_route=\/wp\/v2\/posts\/13242\/revisions"}],"predecessor-version":[{"id":13244,"href":"https:\/\/voranews.al\/index.php?rest_route=\/wp\/v2\/posts\/13242\/revisions\/13244"}],"wp:featuredmedia":[{"embeddable":true,"href":"https:\/\/voranews.al\/index.php?rest_route=\/wp\/v2\/media\/13243"}],"wp:attachment":[{"href":"https:\/\/voranews.al\/index.php?rest_route=%2Fwp%2Fv2%2Fmedia&parent=13242"}],"wp:term":[{"taxonomy":"category","embeddable":true,"href":"https:\/\/voranews.al\/index.php?rest_route=%2Fwp%2Fv2%2Fcategories&post=13242"},{"taxonomy":"post_tag","embeddable":true,"href":"https:\/\/voranews.al\/index.php?rest_route=%2Fwp%2Fv2%2Ftags&post=13242"}],"curies":[{"name":"wp","href":"https:\/\/api.w.org\/{rel}","templated":true}]}}