{"id":13245,"date":"2022-04-25T10:09:08","date_gmt":"2022-04-25T09:09:08","guid":{"rendered":"https:\/\/voranews.al\/?p=13245"},"modified":"2022-04-25T10:09:12","modified_gmt":"2022-04-25T09:09:12","slug":"nje-vit-nga-zgjedhjet-e-25-prillit-rama-poston-foton-ne-kete-dite-na-u-besua-mandati-i-trete","status":"publish","type":"post","link":"https:\/\/voranews.al\/?p=13245","title":{"rendered":"Nj\u00eb vit nga zgjedhjet e 25 Prillit, Rama poston foton: N\u00eb k\u00ebt\u00eb dit\u00eb na u besua mandati i tret\u00eb"},"content":{"rendered":"\n<p>Si sot nj\u00eb vit m\u00eb par\u00eb, 25 prill 2021, u zhvilluan zgjedhjet, ku Partia Socialiste me n\u00eb krye kryeministrin Edi Rama siguruan mandatin e tret\u00eb t\u00eb qeverisjes.<\/p>\n\n\n\n<p>E pik\u00ebrisht me k\u00ebt\u00eb e ka nisur dit\u00ebn edhe kryeministri Rama. Ai ka publikuar nj\u00eb foto nga selia roz\u00eb t\u00eb b\u00ebr\u00eb nj\u00eb vit m\u00eb par\u00eb nga momenti kur u shpall se ka fituar mandatin e tret\u00eb, teksa u uron k\u00ebshtu nj\u00eb jav\u00eb t\u00eb mbar\u00eb qytetar\u00ebve shqiptar\u00eb.<\/p>\n\n\n\n<p>\u201cMIR\u00cbM\u00cbNGJES&nbsp;&nbsp;dhe me k\u00ebt\u00eb foto t\u00eb fiks nj\u00eb viti m\u00eb par\u00eb, kur na u besua mandati i tret\u00eb, ju uroj nj\u00eb jav\u00eb t\u00eb mbar\u00eb\u201d shkruan Rama n\u00eb postimin e tij.<\/p>\n\n\n\n<p>Kujtojm\u00eb q\u00eb n\u00eb 25 prill 2021, PS siguroi 74 mandate, Partia Demokratik si forc\u00eb e dyt\u00eb siguroi 59 mandate, LSI 4 dhe PSD 3.<\/p>\n","protected":false},"excerpt":{"rendered":"<p>Si sot nj\u00eb vit m\u00eb par\u00eb, 25 prill 2021, u zhvilluan zgjedhjet, ku Partia Socialiste me n\u00eb krye kryeministrin Edi Rama siguruan mandatin e tret\u00eb t\u00eb qeverisjes. E pik\u00ebrisht me k\u00ebt\u00eb e ka nisur dit\u00ebn edhe kryeministri Rama. Ai ka publikuar nj\u00eb foto nga selia roz\u00eb t\u00eb b\u00ebr\u00eb nj\u00eb vit m\u00eb par\u00eb nga momenti kur &hellip;<\/p>\n","protected":false},"author":1,"featured_media":13246,"comment_status":"closed","ping_status":"closed","sticky":true,"template":"","format":"standard","meta":{"_jetpack_memberships_contains_paid_content":false,"footnotes":""},"categories":[4],"tags":[],"jetpack_sharing_enabled":true,"jetpack_featured_media_url":"https:\/\/voranews.al\/wp-content\/uploads\/2022\/04\/04D93EE3-F9BC-423F-9922-D7320F16E139.jpeg","_links":{"self":[{"href":"https:\/\/voranews.al\/index.php?rest_route=\/wp\/v2\/posts\/13245"}],"collection":[{"href":"https:\/\/voranews.al\/index.php?rest_route=\/wp\/v2\/posts"}],"about":[{"href":"https:\/\/voranews.al\/index.php?rest_route=\/wp\/v2\/types\/post"}],"author":[{"embeddable":true,"href":"https:\/\/voranews.al\/index.php?rest_route=\/wp\/v2\/users\/1"}],"replies":[{"embeddable":true,"href":"https:\/\/voranews.al\/index.php?rest_route=%2Fwp%2Fv2%2Fcomments&post=13245"}],"version-history":[{"count":1,"href":"https:\/\/voranews.al\/index.php?rest_route=\/wp\/v2\/posts\/13245\/revisions"}],"predecessor-version":[{"id":13247,"href":"https:\/\/voranews.al\/index.php?rest_route=\/wp\/v2\/posts\/13245\/revisions\/13247"}],"wp:featuredmedia":[{"embeddable":true,"href":"https:\/\/voranews.al\/index.php?rest_route=\/wp\/v2\/media\/13246"}],"wp:attachment":[{"href":"https:\/\/voranews.al\/index.php?rest_route=%2Fwp%2Fv2%2Fmedia&parent=13245"}],"wp:term":[{"taxonomy":"category","embeddable":true,"href":"https:\/\/voranews.al\/index.php?rest_route=%2Fwp%2Fv2%2Fcategories&post=13245"},{"taxonomy":"post_tag","embeddable":true,"href":"https:\/\/voranews.al\/index.php?rest_route=%2Fwp%2Fv2%2Ftags&post=13245"}],"curies":[{"name":"wp","href":"https:\/\/api.w.org\/{rel}","templated":true}]}}