{"id":13316,"date":"2022-05-10T18:36:47","date_gmt":"2022-05-10T17:36:47","guid":{"rendered":"https:\/\/voranews.al\/?p=13316"},"modified":"2022-05-10T18:36:48","modified_gmt":"2022-05-10T17:36:48","slug":"ps-cel-aplikimet-per-kryetaret-e-partise-ne-61-bashki-dhe-sekretaret-ekzekutiv-procedura","status":"publish","type":"post","link":"https:\/\/voranews.al\/?p=13316","title":{"rendered":"PS \u00e7el aplikimet p\u00ebr kryetar\u00ebt e partis\u00eb n\u00eb 61 bashki dhe Sekretar\u00ebt Ekzekutiv (Procedura)"},"content":{"rendered":"\n<p>N\u00eb zbatim t\u00eb vendimit t\u00eb Kongresit t\u00eb 9 Prillit dhe Asambles\u00eb Komb\u00ebtare t\u00eb 7 Majit, Partia Socialiste ka hapur procesin e gar\u00ebs s\u00eb brendshme p\u00ebr 61 kryetar\u00ebt e partis\u00eb n\u00eb 61 bashkit\u00eb e vendit. Gjithashtu, ftesa p\u00ebr aplikim u shkon edhe atyre q\u00eb d\u00ebshirojn\u00eb t\u00eb em\u00ebrohen si sekretar ekzekutiv n\u00eb deg\u00ebt lokale t\u00eb Partis\u00eb Socialiste apo n\u00eb nivel qarku, pozicion ky i cili u shtua p\u00ebrmes ndryshimeve statutore t\u00eb 9 Prillit.<\/p>\n\n\n\n<p>Udh\u00ebzimi i miratuar nga Sekretari i P\u00ebrgjithsh\u00ebm Damian Gjiknuri parashikon se deri m\u00eb 25 Maj 2022 do t\u00eb administrohen kandidaturat e mundshme p\u00ebr kryetar t\u00eb deg\u00ebve lokale t\u00eb Partis\u00eb Socialiste. \u201cProcesi i propozimit t\u00eb kandidaturave p\u00ebr kryetar t\u00eb partis\u00eb s\u00eb bashkis\u00eb \u00ebsht\u00eb i hapur dhe n\u00eb t\u00eb marrin pjes\u00eb t\u00eb gjith\u00eb strukturat e partis\u00eb s\u00eb bashkis\u00eb, drejtuesi politik i qarkut, deputet\u00ebt e asaj bashkie, forumet apo \u00e7do an\u00ebtar i spikatur i PS n\u00eb bashki. K\u00ebrkesat paraqiten n\u00eb Asamblet\u00eb Socialiste t\u00eb Bashkive; gjithashtu nj\u00eb kopje d\u00ebrgohet elektronikisht pran\u00eb selis\u00eb qendrore t\u00eb Partis\u00eb Socialiste n\u00eb adres\u00ebn e e-mailit:&nbsp;<a href=\"mailto:sektoriorganizimit@gmail.com\" target=\"_blank\" rel=\"noreferrer noopener\">sektoriorganizimit@gmail.com<\/a>\u201d, thuhet n\u00eb udh\u00ebzim.<\/p>\n\n\n\n<p>Parashikohet se kandidat\u00ebt p\u00ebr kryetar t\u00eb partis\u00eb t\u00eb bashkis\u00eb duhet t\u00eb ket\u00eb si rregull vendbanim dhe t\u00eb b\u00ebjn\u00eb jet\u00ebn e partis\u00eb p\u00ebr nj\u00eb periudh\u00eb jo m\u00eb pak se nj\u00eb vit brenda territorit t\u00eb bashkis\u00eb, t\u00eb jen\u00eb an\u00ebtar t\u00eb partis\u00eb si rregull p\u00ebr nj\u00eb periudh\u00eb jo m\u00eb pak se tre vjet, t\u00eb ken\u00eb arsimin e lart\u00eb si dhe t\u00eb plot\u00ebsojn\u00eb kushtet e integritetit moral e ligjor.<\/p>\n\n\n\n<p>Paralelisht me ftes\u00ebn p\u00ebr t\u00eb kandiduar p\u00ebr drejtimin e deg\u00ebve t\u00eb Partis\u00eb Socialiste n\u00eb 61 bashkit\u00eb e vendit, nj\u00eb tjet\u00ebr urdh\u00ebr i Sekretarit t\u00eb P\u00ebrgjithsh\u00ebm Damian Gjiknuri fton t\u00eb interesuarit q\u00eb t\u00eb aplikojn\u00eb p\u00ebr detyr\u00ebn e re t\u00eb Sekretarit Ekzekutiv t\u00eb partis\u00eb n\u00eb territorin e 61 bashkive dhe 12 Qarqeve.<\/p>\n\n\n\n<p>\u201cSekretar\u00ebt ekzekutiv t\u00eb partis\u00eb n\u00eb Bashki\/Qark, do t\u00eb p\u00ebrzgjidhen deri n\u00eb dat\u00ebn 30 Qershor 2022. Procedura e propozimit t\u00eb kandidaturave p\u00ebr Sekretar Ekzekutiv \u00ebsht\u00eb e hapur. T\u00eb drejt\u00ebn p\u00ebr t\u00eb k\u00ebrkuar p\u00ebrzgjedhjen n\u00eb pozicionin e Sekretarit Ekzekutiv e ka \u00e7do individ q\u00eb plot\u00ebson kriteret: t\u00eb ket\u00eb vendbanim ligjor jo m\u00eb pak se 1 vit n\u00eb territorin e bashkis\u00eb\/qarkut p\u00ebrkat\u00ebs; t\u00eb jet\u00eb an\u00ebtar partie, si rregull p\u00ebr nj\u00eb periudh\u00eb jo m\u00eb pak se 2 vjet, t\u00eb ket\u00eb njohuri p\u00ebr organizimin e drejtimin e strukturave t\u00eb partis\u00eb, t\u00eb ket\u00eb arsimin e lart\u00eb. Preferohet me p\u00ebrvoj\u00eb n\u00eb drejtimin e nj\u00eb K\u00ebshilli Socialist, coordinator ose ish-koordinator elektoral i bashkis\u00eb, sekretar ose ish-sekretar i Asambles\u00eb s\u00eb bashkis\u00eb, kryetar\/e ose ish-kryetar\/e i FRES\/FGS, etj\u201d, thuhet n\u00eb urdh\u00ebrin e Gjiknurit.<\/p>\n\n\n\n<p>\u00c7do individ kandidat p\u00ebr Sekretar Ekzekutiv t\u00eb partis\u00eb n\u00eb bashki\/qark plot\u00ebson formularin e aplikimit, konkuron me dosjen e tij e cila duhet t\u00eb p\u00ebrmbaj\u00eb k\u00ebrkes\u00ebn, jet\u00ebshkrimin dhe formularin e integritetit. K\u00ebto dokumente d\u00ebrgohen elektronikisht n\u00eb adres\u00ebn:&nbsp;<a href=\"mailto:sektoriorganizimit@gmail.com\" target=\"_blank\" rel=\"noreferrer noopener\">sektoriorganizimit@gmail.com<\/a>&nbsp;ose edhe n\u00ebp\u00ebrmjet post\u00ebs n\u00eb Selin\u00eb Qendrore t\u00eb Partis\u00eb Socialiste n\u00eb Tiran\u00eb, deri n\u00eb dat\u00ebn 15 Qershor 2022.<\/p>\n","protected":false},"excerpt":{"rendered":"<p>N\u00eb zbatim t\u00eb vendimit t\u00eb Kongresit t\u00eb 9 Prillit dhe Asambles\u00eb Komb\u00ebtare t\u00eb 7 Majit, Partia Socialiste ka hapur procesin e gar\u00ebs s\u00eb brendshme p\u00ebr 61 kryetar\u00ebt e partis\u00eb n\u00eb 61 bashkit\u00eb e vendit. Gjithashtu, ftesa p\u00ebr aplikim u shkon edhe atyre q\u00eb d\u00ebshirojn\u00eb t\u00eb em\u00ebrohen si sekretar ekzekutiv n\u00eb deg\u00ebt lokale t\u00eb Partis\u00eb Socialiste &hellip;<\/p>\n","protected":false},"author":1,"featured_media":13317,"comment_status":"closed","ping_status":"closed","sticky":true,"template":"","format":"standard","meta":{"_jetpack_memberships_contains_paid_content":false,"footnotes":""},"categories":[4],"tags":[],"jetpack_sharing_enabled":true,"jetpack_featured_media_url":"https:\/\/voranews.al\/wp-content\/uploads\/2022\/05\/2489B266-4477-4B39-B8D9-7621CF98537D.jpeg","_links":{"self":[{"href":"https:\/\/voranews.al\/index.php?rest_route=\/wp\/v2\/posts\/13316"}],"collection":[{"href":"https:\/\/voranews.al\/index.php?rest_route=\/wp\/v2\/posts"}],"about":[{"href":"https:\/\/voranews.al\/index.php?rest_route=\/wp\/v2\/types\/post"}],"author":[{"embeddable":true,"href":"https:\/\/voranews.al\/index.php?rest_route=\/wp\/v2\/users\/1"}],"replies":[{"embeddable":true,"href":"https:\/\/voranews.al\/index.php?rest_route=%2Fwp%2Fv2%2Fcomments&post=13316"}],"version-history":[{"count":1,"href":"https:\/\/voranews.al\/index.php?rest_route=\/wp\/v2\/posts\/13316\/revisions"}],"predecessor-version":[{"id":13318,"href":"https:\/\/voranews.al\/index.php?rest_route=\/wp\/v2\/posts\/13316\/revisions\/13318"}],"wp:featuredmedia":[{"embeddable":true,"href":"https:\/\/voranews.al\/index.php?rest_route=\/wp\/v2\/media\/13317"}],"wp:attachment":[{"href":"https:\/\/voranews.al\/index.php?rest_route=%2Fwp%2Fv2%2Fmedia&parent=13316"}],"wp:term":[{"taxonomy":"category","embeddable":true,"href":"https:\/\/voranews.al\/index.php?rest_route=%2Fwp%2Fv2%2Fcategories&post=13316"},{"taxonomy":"post_tag","embeddable":true,"href":"https:\/\/voranews.al\/index.php?rest_route=%2Fwp%2Fv2%2Ftags&post=13316"}],"curies":[{"name":"wp","href":"https:\/\/api.w.org\/{rel}","templated":true}]}}