{"id":13486,"date":"2022-06-05T16:36:56","date_gmt":"2022-06-05T15:36:56","guid":{"rendered":"https:\/\/voranews.al\/?p=13486"},"modified":"2022-06-05T16:36:58","modified_gmt":"2022-06-05T15:36:58","slug":"pas-shqiperise-mali-i-zi-i-drejtuar-nga-abazovic-ndermerr-nismen-per-legalizimin-e-kanabisit","status":"publish","type":"post","link":"https:\/\/voranews.al\/?p=13486","title":{"rendered":"Pas Shqip\u00ebris\u00eb, Mali i Zi i drejtuar nga Abazovi\u00e7 nd\u00ebrmerr nism\u00ebn p\u00ebr legalizimin e kanabisit"},"content":{"rendered":"\n<p>Pas Shqip\u00ebris\u00eb, nj\u00eb tjet\u00ebr vend i Ballkanit po nd\u00ebrmerr nism\u00ebn p\u00ebr legalizimin e kanabisit p\u00ebr q\u00ebllime mjek\u00ebsore. Mali i Zi prej koh\u00ebsh \u00ebsht\u00eb duke diskutuar, nd\u00ebrsa mb\u00ebshtet\u00ebse e k\u00ebsaj nisme \u00ebsht\u00eb partia URA e kryeministrit Dritan Abazovi\u00e7 dhe Partia Socialiste Popullore q\u00eb po ashtu \u00ebsht\u00eb pjes\u00eb e koalicionit qeveris\u00ebs.<\/p>\n\n\n\n<p><a href=\"https:\/\/www.vijesti.me\/vijesti\/politika\/607390\/ura-i-snp-za-legalizaciju-kanabisa-pzp-protiv\" target=\"_blank\" rel=\"noreferrer noopener\"><strong>Mediat<\/strong>&nbsp;<\/a>n\u00eb Malin e Zi shkruajn\u00eb se jan\u00eb pik\u00ebrisht socialdemokrat\u00ebt ata q\u00eb than\u00eb se s\u00eb shpejti do ta paraqesin projektligjin, ku p\u00ebrfshihet kryesisht vaji i kanabisit p\u00ebr t\u2019u p\u00ebrdorur p\u00ebr q\u00ebllime mjek\u00ebsore.<\/p>\n\n\n\n<p>Deputet\u00ebt e URA-s thon\u00eb p\u00ebr mediat malazeze se mb\u00ebshtetjen e tyre e bazojn\u00eb tek studimet m\u00eb t\u00eb fundit shkencore q\u00eb v\u00ebrtetojn\u00eb efektivitetin e kanabisit n\u00eb sasi shum\u00eb t\u00eb kufizuara p\u00ebr kurimin e disa s\u00ebmundjeve. Por kund\u00ebr k\u00ebtij propozimi \u00ebsht\u00eb partia boshnjake n\u00eb qeveri, q\u00eb fillimisht k\u00ebrkon dialog t\u00eb gjer\u00eb.<\/p>\n\n\n\n<figure class=\"wp-block-image size-large\"><img loading=\"lazy\" decoding=\"async\" width=\"500\" height=\"333\" src=\"https:\/\/voranews.al\/wp-content\/uploads\/2022\/06\/BE2262FC-7C1C-43F4-9367-76B1B1A6ED87-500x333.jpeg\" alt=\"\" class=\"wp-image-13487\" srcset=\"https:\/\/voranews.al\/wp-content\/uploads\/2022\/06\/BE2262FC-7C1C-43F4-9367-76B1B1A6ED87-500x333.jpeg 500w, https:\/\/voranews.al\/wp-content\/uploads\/2022\/06\/BE2262FC-7C1C-43F4-9367-76B1B1A6ED87-300x200.jpeg 300w, https:\/\/voranews.al\/wp-content\/uploads\/2022\/06\/BE2262FC-7C1C-43F4-9367-76B1B1A6ED87-768x511.jpeg 768w, https:\/\/voranews.al\/wp-content\/uploads\/2022\/06\/BE2262FC-7C1C-43F4-9367-76B1B1A6ED87.jpeg 1000w\" sizes=\"(max-width: 500px) 100vw, 500px\" \/><\/figure>\n\n\n\n<p>N\u00eb rajon, vet\u00ebm Maqedonia e Veriut e ka legalizuar kanabisin p\u00ebr q\u00ebllime mjek\u00ebsore. Nd\u00ebrsa edhe Shqip\u00ebria po shqyrton k\u00ebt\u00eb mund\u00ebsi pas rezultateve t\u00eb K\u00ebshillimit Komb\u00ebtar.<\/p>\n","protected":false},"excerpt":{"rendered":"<p>Pas Shqip\u00ebris\u00eb, nj\u00eb tjet\u00ebr vend i Ballkanit po nd\u00ebrmerr nism\u00ebn p\u00ebr legalizimin e kanabisit p\u00ebr q\u00ebllime mjek\u00ebsore. Mali i Zi prej koh\u00ebsh \u00ebsht\u00eb duke diskutuar, nd\u00ebrsa mb\u00ebshtet\u00ebse e k\u00ebsaj nisme \u00ebsht\u00eb partia URA e kryeministrit Dritan Abazovi\u00e7 dhe Partia Socialiste Popullore q\u00eb po ashtu \u00ebsht\u00eb pjes\u00eb e koalicionit qeveris\u00ebs. Mediat&nbsp;n\u00eb Malin e Zi shkruajn\u00eb se &hellip;<\/p>\n","protected":false},"author":1,"featured_media":13488,"comment_status":"closed","ping_status":"closed","sticky":true,"template":"","format":"standard","meta":{"_jetpack_memberships_contains_paid_content":false,"footnotes":""},"categories":[38],"tags":[],"jetpack_sharing_enabled":true,"jetpack_featured_media_url":"https:\/\/voranews.al\/wp-content\/uploads\/2022\/06\/985F1F5E-7375-475E-A2BA-E22E119EC1F1.png","_links":{"self":[{"href":"https:\/\/voranews.al\/index.php?rest_route=\/wp\/v2\/posts\/13486"}],"collection":[{"href":"https:\/\/voranews.al\/index.php?rest_route=\/wp\/v2\/posts"}],"about":[{"href":"https:\/\/voranews.al\/index.php?rest_route=\/wp\/v2\/types\/post"}],"author":[{"embeddable":true,"href":"https:\/\/voranews.al\/index.php?rest_route=\/wp\/v2\/users\/1"}],"replies":[{"embeddable":true,"href":"https:\/\/voranews.al\/index.php?rest_route=%2Fwp%2Fv2%2Fcomments&post=13486"}],"version-history":[{"count":1,"href":"https:\/\/voranews.al\/index.php?rest_route=\/wp\/v2\/posts\/13486\/revisions"}],"predecessor-version":[{"id":13489,"href":"https:\/\/voranews.al\/index.php?rest_route=\/wp\/v2\/posts\/13486\/revisions\/13489"}],"wp:featuredmedia":[{"embeddable":true,"href":"https:\/\/voranews.al\/index.php?rest_route=\/wp\/v2\/media\/13488"}],"wp:attachment":[{"href":"https:\/\/voranews.al\/index.php?rest_route=%2Fwp%2Fv2%2Fmedia&parent=13486"}],"wp:term":[{"taxonomy":"category","embeddable":true,"href":"https:\/\/voranews.al\/index.php?rest_route=%2Fwp%2Fv2%2Fcategories&post=13486"},{"taxonomy":"post_tag","embeddable":true,"href":"https:\/\/voranews.al\/index.php?rest_route=%2Fwp%2Fv2%2Ftags&post=13486"}],"curies":[{"name":"wp","href":"https:\/\/api.w.org\/{rel}","templated":true}]}}