{"id":1376,"date":"2020-12-01T11:58:45","date_gmt":"2020-12-01T11:58:45","guid":{"rendered":"https:\/\/voranews.al\/?p=1376"},"modified":"2020-12-01T11:58:46","modified_gmt":"2020-12-01T11:58:46","slug":"pergatitet-pasaporta-digjitale-nuk-fluturon-nese-nuk-je-vaksinuar-kunder-covid-19","status":"publish","type":"post","link":"https:\/\/voranews.al\/?p=1376","title":{"rendered":"P\u00ebrgatitet pasaporta digjitale, nuk fluturon n\u00ebse nuk je vaksinuar kund\u00ebr COVID- 19"},"content":{"rendered":"\n<p>Edhe n\u00ebse nuk ke d\u00ebshir\u00eb t\u00eb vaksinohesh kund\u00ebr covid-19, apo qeveria e vendit t\u00ebnd nuk e fut at\u00eb n\u00eb protokollin e vaksinimit t\u00eb detyruesh\u00ebm, agjencit\u00eb e udh\u00ebtimit do ta b\u00ebjn\u00eb k\u00ebt\u00eb. Fax ne\u00ebs ka publikuar nj\u00eb artikull ku thot\u00eb se e ardhmja e fluturimit gjat\u00eb koronavirusit do t\u00eb thot\u00eb t\u00eb mbash nj\u00eb pasaport\u00eb p\u00ebr t\u00eb treguar prov\u00ebn e vaksinimit kund\u00ebr COVID-19.<\/p>\n\n\n\n<p>Shoqata Nd\u00ebrkomb\u00ebtare e Transportit Ajror \u00ebsht\u00eb n\u00eb proces t\u00eb finalizimit t\u00eb nj\u00eb pasaporte dixhitale COVID-19 q\u00eb do t\u00eb p\u00ebrfshinte informacione n\u00eb lidhje me testimin e udh\u00ebtarit COVID-19 dhe vaksinimet q\u00eb do t\u00eb verifikoheshin nga laborator\u00ebt, linjat ajrore dhe agjencit\u00eb qeveritare, sipas nj\u00eb raporti t\u00eb ri.<\/p>\n\n\n\n<p>Nj\u00eb pasaport\u00eb dixhitale COVID-19 mund t\u00eb jet\u00eb s\u00eb shpejti n\u00eb proces.<\/p>\n\n\n\n<p>&nbsp;\u201cTestimi \u00ebsht\u00eb \u00e7el\u00ebsi i par\u00eb p\u00ebr t\u00eb mund\u00ebsuar udh\u00ebtime nd\u00ebrkomb\u00ebtare pa masa karantine. \u00c7el\u00ebsi i dyt\u00eb \u00ebsht\u00eb infrastruktura globale e informacionit e nevojshme p\u00ebr t\u00eb menaxhuar n\u00eb m\u00ebnyr\u00eb t\u00eb sigurt, ndar\u00eb dhe verifikuar t\u00eb dh\u00ebnat e prov\u00ebs t\u00eb p\u00ebrputhura me identitetet e udh\u00ebtar\u00ebve n\u00eb p\u00ebrputhje me k\u00ebrkesat e kontrollit t\u00eb kufirit, \u201ctha CEO i IATA Alexandre de Juniac n\u00eb nj\u00eb deklarat\u00eb, duke shpjeguar:\u201d Ne po e sjellim k\u00ebt\u00eb n\u00eb treg n\u00eb muajt e ardhsh\u00ebm gjithashtu p\u00ebr t\u00eb p\u00ebrmbushur nevojat e flluskave t\u00eb ndryshme t\u00eb udh\u00ebtimit dhe korridoreve t\u00eb sh\u00ebndetit publik q\u00eb po fillojn\u00eb pun\u00ebn. \u201c<\/p>\n\n\n\n<p>Pasaporta COVID-19 do t\u00eb siguronte nj\u00eb itinerar sh\u00ebndet\u00ebsor t\u00eb llojeve q\u00eb do t\u00eb identifikonin objektet e testimit dhe laborator\u00ebt p\u00ebr pasagjer\u00ebt n\u00eb vendin e tyre t\u00eb nisjes, dhe p\u00ebr t\u00eb siguruar q\u00eb udh\u00ebtar\u00ebt jan\u00eb t\u00eb sigurt dhe t\u00eb aft\u00eb t\u00eb udh\u00ebtojn\u00eb n\u00eb destinacionin e tyre pa kufizime t\u00eb tilla si karantina.<\/p>\n\n\n\n<p>Asnj\u00eb qeveri nuk ka zbatuar nj\u00eb k\u00ebrkes\u00eb q\u00eb udh\u00ebtar\u00ebt t\u00eb vaksinohen para se t\u00eb hyjn\u00eb n\u00eb nj\u00eb vend tjet\u00ebr. Sidoqoft\u00eb, CEO i linj\u00ebs ajrore Australiane Qantas ka deklaruar synimet e tij q\u00eb transportuesi t\u00eb k\u00ebrkoj\u00eb vaksinime p\u00ebrpara udh\u00ebtimeve nd\u00ebrkomb\u00ebtare.<\/p>\n\n\n\n<p>\u201cNe po shikojm\u00eb t\u00eb ndryshojm\u00eb termat dhe kushtet tona p\u00ebr t\u00eb th\u00ebn\u00eb p\u00ebr udh\u00ebtar\u00ebt nd\u00ebrkomb\u00ebtar\u00eb q\u00eb do t\u2019u k\u00ebrkojm\u00eb njer\u00ebzve t\u00eb b\u00ebjn\u00eb nj\u00eb vaksinim para se t\u00eb mund t\u00eb hipin n\u00eb avion,\u201d tha CEO i Qantas Alan Joyce.<\/p>\n\n\n\n<p>Z\u00ebdh\u00ebn\u00ebsit e t\u00eb dy Korean Air dhe Air Zelanda e Re kan\u00eb th\u00ebn\u00eb se linjat ajrore n\u00eb fund t\u00eb fundit mund t\u00eb k\u00ebrkojn\u00eb q\u00eb pasagjer\u00ebt t\u00eb vaksinohen n\u00eb m\u00ebnyr\u00eb q\u00eb t\u00eb fluturojn\u00eb.<\/p>\n\n\n\n<p>Nd\u00ebrkoh\u00eb, miliona amerikan\u00eb udh\u00ebtuan gjat\u00eb fest\u00ebs s\u00eb Fal\u00ebnderimeve, pavar\u00ebsisht paralajm\u00ebrimit t\u00eb Qendrave p\u00ebr Kontrollin dhe Parandalimin e S\u00ebmundjeve (CDC) kund\u00ebr vizit\u00ebs s\u00eb t\u00eb af\u00ebrmve dhe miqve. Koordinatorja e p\u00ebrgjigjes p\u00ebr koronavirusin e Sht\u00ebpis\u00eb s\u00eb Bardh\u00eb, Dr. Deborah Birx shprehu shqet\u00ebsimin e saj n\u00eb lidhje me nj\u00eb rritje t\u00eb rasteve COVID-19 pas udh\u00ebtimeve p\u00ebr pushime dhe vazhdoi t\u00eb k\u00ebshillonte Amerikan\u00ebt q\u00eb t\u00eb testoheshin pas tubimeve t\u00eb festave.<\/p>\n","protected":false},"excerpt":{"rendered":"<p>Edhe n\u00ebse nuk ke d\u00ebshir\u00eb t\u00eb vaksinohesh kund\u00ebr covid-19, apo qeveria e vendit t\u00ebnd nuk e fut at\u00eb n\u00eb protokollin e vaksinimit t\u00eb detyruesh\u00ebm, agjencit\u00eb e udh\u00ebtimit do ta b\u00ebjn\u00eb k\u00ebt\u00eb. Fax ne\u00ebs ka publikuar nj\u00eb artikull ku thot\u00eb se e ardhmja e fluturimit gjat\u00eb koronavirusit do t\u00eb thot\u00eb t\u00eb mbash nj\u00eb pasaport\u00eb p\u00ebr t\u00eb &hellip;<\/p>\n","protected":false},"author":1,"featured_media":1377,"comment_status":"closed","ping_status":"closed","sticky":true,"template":"","format":"standard","meta":{"_jetpack_memberships_contains_paid_content":false,"footnotes":""},"categories":[35],"tags":[],"jetpack_sharing_enabled":true,"jetpack_featured_media_url":"https:\/\/voranews.al\/wp-content\/uploads\/2020\/12\/3AD7FD5E-3AEC-410C-B7A5-913B7AC97CA1.jpeg","_links":{"self":[{"href":"https:\/\/voranews.al\/index.php?rest_route=\/wp\/v2\/posts\/1376"}],"collection":[{"href":"https:\/\/voranews.al\/index.php?rest_route=\/wp\/v2\/posts"}],"about":[{"href":"https:\/\/voranews.al\/index.php?rest_route=\/wp\/v2\/types\/post"}],"author":[{"embeddable":true,"href":"https:\/\/voranews.al\/index.php?rest_route=\/wp\/v2\/users\/1"}],"replies":[{"embeddable":true,"href":"https:\/\/voranews.al\/index.php?rest_route=%2Fwp%2Fv2%2Fcomments&post=1376"}],"version-history":[{"count":1,"href":"https:\/\/voranews.al\/index.php?rest_route=\/wp\/v2\/posts\/1376\/revisions"}],"predecessor-version":[{"id":1378,"href":"https:\/\/voranews.al\/index.php?rest_route=\/wp\/v2\/posts\/1376\/revisions\/1378"}],"wp:featuredmedia":[{"embeddable":true,"href":"https:\/\/voranews.al\/index.php?rest_route=\/wp\/v2\/media\/1377"}],"wp:attachment":[{"href":"https:\/\/voranews.al\/index.php?rest_route=%2Fwp%2Fv2%2Fmedia&parent=1376"}],"wp:term":[{"taxonomy":"category","embeddable":true,"href":"https:\/\/voranews.al\/index.php?rest_route=%2Fwp%2Fv2%2Fcategories&post=1376"},{"taxonomy":"post_tag","embeddable":true,"href":"https:\/\/voranews.al\/index.php?rest_route=%2Fwp%2Fv2%2Ftags&post=1376"}],"curies":[{"name":"wp","href":"https:\/\/api.w.org\/{rel}","templated":true}]}}