{"id":13876,"date":"2022-07-20T20:55:51","date_gmt":"2022-07-20T19:55:51","guid":{"rendered":"https:\/\/voranews.al\/?p=13876"},"modified":"2022-07-20T20:55:52","modified_gmt":"2022-07-20T19:55:52","slug":"klubi-i-vores-me-levizje-te-bujshme","status":"publish","type":"post","link":"https:\/\/voranews.al\/?p=13876","title":{"rendered":"Klubi i Vor\u00ebs me l\u00ebvizje t\u00eb bujshme"},"content":{"rendered":"\n<p><strong>Klubi i Vot\u00ebs ka b\u00ebr\u00eb nj\u00eb nga l\u00ebvizjet m\u00eb t\u00eb bujshme t\u00eb merkatos s\u00eb ver\u00ebs, teksa ka treguar se nis edicionin me synime t\u00eb qarta p\u00ebr t\u2019u kthyer sa m\u00eb shpejt n\u00eb Kategorin\u00eb e Par\u00eb. Administratori Eldiano Topi ka siguruar nj\u00eb trajner me em\u00ebr n\u00eb futbollin shqiptar si dhe lojtar\u00eb t\u00eb cil\u00ebt kan\u00eb qen\u00eb pjes\u00eb e klubeve t\u00eb r\u00ebnd\u00ebsishme ne Superiore gjat\u00eb karrier\u00ebs s\u00eb tij.<\/strong><\/p>\n\n\n\n<p>Trajneri i Vor\u00ebs n\u00eb sezonin e ri do t\u00eb jet\u00eb Artan <\/p>\n\n\n\n<p>M\u00ebrgjyshi. Tekniku i njohur i cili ka drejtuar p\u00ebr shum\u00eb vite n\u00eb Superiore dhe Kategorin\u00eb e Par\u00eb, ka pranuar k\u00ebt\u00eb sfid\u00eb p\u00ebr t\u00eb ndihmuar klubin q\u00eb t\u00eb kthehet p\u00ebrs\u00ebri mes profesionist\u00ebve dhe t\u00eb nd\u00ebrtoj\u00eb nj\u00eb projekt afatgjat\u00eb p\u00ebr t\u00eb q\u00ebndruar atje<\/p>\n\n\n\n<figure class=\"wp-block-image size-large\"><img loading=\"lazy\" decoding=\"async\" width=\"375\" height=\"500\" src=\"https:\/\/voranews.al\/wp-content\/uploads\/2022\/07\/9F5A400F-C3DF-4DC4-94AD-9FEDC007A369-375x500.jpeg\" alt=\"\" class=\"wp-image-13877\" srcset=\"https:\/\/voranews.al\/wp-content\/uploads\/2022\/07\/9F5A400F-C3DF-4DC4-94AD-9FEDC007A369-375x500.jpeg 375w, https:\/\/voranews.al\/wp-content\/uploads\/2022\/07\/9F5A400F-C3DF-4DC4-94AD-9FEDC007A369-225x300.jpeg 225w, https:\/\/voranews.al\/wp-content\/uploads\/2022\/07\/9F5A400F-C3DF-4DC4-94AD-9FEDC007A369-768x1024.jpeg 768w, https:\/\/voranews.al\/wp-content\/uploads\/2022\/07\/9F5A400F-C3DF-4DC4-94AD-9FEDC007A369.jpeg 1080w\" sizes=\"(max-width: 375px) 100vw, 375px\" \/><\/figure>\n\n\n\n<p>Nd\u00ebrkoh\u00eb, \u00ebsht\u00eb b\u00ebr\u00eb edhe prezantimi i emrave si Eglentin Gjoni, ish-kapiteni i La\u00e7it, apo Jurgen Vrapi dhe Okseold Sefa, t\u00eb cil\u00ebt kan\u00eb dal\u00eb nga radh\u00ebt e skuadr\u00ebs s\u00eb Tiran\u00ebs. K\u00ebto jan\u00eb l\u00ebvizjet e para t\u00eb Vor\u00ebs q\u00eb k\u00ebrkon t\u00eb b\u00ebj\u00eb t\u00eb qart\u00eb q\u00eb n\u00eb start ambiciet q\u00eb ka p\u00ebr k\u00ebt\u00eb edicion.<\/p>\n","protected":false},"excerpt":{"rendered":"<p>Klubi i Vot\u00ebs ka b\u00ebr\u00eb nj\u00eb nga l\u00ebvizjet m\u00eb t\u00eb bujshme t\u00eb merkatos s\u00eb ver\u00ebs, teksa ka treguar se nis edicionin me synime t\u00eb qarta p\u00ebr t\u2019u kthyer sa m\u00eb shpejt n\u00eb Kategorin\u00eb e Par\u00eb. Administratori Eldiano Topi ka siguruar nj\u00eb trajner me em\u00ebr n\u00eb futbollin shqiptar si dhe lojtar\u00eb t\u00eb cil\u00ebt kan\u00eb qen\u00eb pjes\u00eb &hellip;<\/p>\n","protected":false},"author":1,"featured_media":13878,"comment_status":"closed","ping_status":"closed","sticky":true,"template":"","format":"standard","meta":{"_jetpack_memberships_contains_paid_content":false,"footnotes":""},"categories":[1],"tags":[],"jetpack_sharing_enabled":true,"jetpack_featured_media_url":"https:\/\/voranews.al\/wp-content\/uploads\/2022\/07\/3F6CB80B-D628-4E1B-B788-DB114BB5B580.jpeg","_links":{"self":[{"href":"https:\/\/voranews.al\/index.php?rest_route=\/wp\/v2\/posts\/13876"}],"collection":[{"href":"https:\/\/voranews.al\/index.php?rest_route=\/wp\/v2\/posts"}],"about":[{"href":"https:\/\/voranews.al\/index.php?rest_route=\/wp\/v2\/types\/post"}],"author":[{"embeddable":true,"href":"https:\/\/voranews.al\/index.php?rest_route=\/wp\/v2\/users\/1"}],"replies":[{"embeddable":true,"href":"https:\/\/voranews.al\/index.php?rest_route=%2Fwp%2Fv2%2Fcomments&post=13876"}],"version-history":[{"count":1,"href":"https:\/\/voranews.al\/index.php?rest_route=\/wp\/v2\/posts\/13876\/revisions"}],"predecessor-version":[{"id":13879,"href":"https:\/\/voranews.al\/index.php?rest_route=\/wp\/v2\/posts\/13876\/revisions\/13879"}],"wp:featuredmedia":[{"embeddable":true,"href":"https:\/\/voranews.al\/index.php?rest_route=\/wp\/v2\/media\/13878"}],"wp:attachment":[{"href":"https:\/\/voranews.al\/index.php?rest_route=%2Fwp%2Fv2%2Fmedia&parent=13876"}],"wp:term":[{"taxonomy":"category","embeddable":true,"href":"https:\/\/voranews.al\/index.php?rest_route=%2Fwp%2Fv2%2Fcategories&post=13876"},{"taxonomy":"post_tag","embeddable":true,"href":"https:\/\/voranews.al\/index.php?rest_route=%2Fwp%2Fv2%2Ftags&post=13876"}],"curies":[{"name":"wp","href":"https:\/\/api.w.org\/{rel}","templated":true}]}}