{"id":14298,"date":"2022-09-08T18:59:15","date_gmt":"2022-09-08T17:59:15","guid":{"rendered":"https:\/\/voranews.al\/?p=14298"},"modified":"2022-09-08T18:59:18","modified_gmt":"2022-09-08T17:59:18","slug":"digjet-kamioni-ne-vore","status":"publish","type":"post","link":"https:\/\/voranews.al\/?p=14298","title":{"rendered":"Digjet kamioni n\u00eb Vor\u00eb"},"content":{"rendered":"\n<p>Nj\u00eb kamion i ngarkuar me goma \u00ebsht\u00eb djegur mesdit\u00ebn e sotme n\u00eb Vor\u00eb, n\u00eb autostrad\u00ebn Tiran\u00eb-Durr\u00ebs.<\/p>\n\n\n\n<p>Fatmir\u00ebsisht nuk raportohet p\u00ebr t\u00eb l\u00ebnduar, por kjo ka shkaktuar trafik t\u00eb r\u00ebnduar automjetesh, duke b\u00ebr\u00eb q\u00eb mjetet t\u00eb presin n\u00eb radh\u00eb prej m\u00eb shum\u00eb se nj\u00eb or\u00eb.<\/p>\n\n\n\n<p>M\u00ebsohet se kamioni ishte nisur nga Durr\u00ebsi drejt Vor\u00ebs, nd\u00ebrsa nuk dihen shkaqet e djegies s\u00eb tij. N\u00eb vendngjarje ka mb\u00ebrritur Policia e Vor\u00ebs e cila po punon p\u00ebr zbardhjen e shkaqeve t\u00eb&nbsp; r\u00ebnies s\u00eb zjarrit n\u00eb kamion.<\/p>\n","protected":false},"excerpt":{"rendered":"<p>Nj\u00eb kamion i ngarkuar me goma \u00ebsht\u00eb djegur mesdit\u00ebn e sotme n\u00eb Vor\u00eb, n\u00eb autostrad\u00ebn Tiran\u00eb-Durr\u00ebs. Fatmir\u00ebsisht nuk raportohet p\u00ebr t\u00eb l\u00ebnduar, por kjo ka shkaktuar trafik t\u00eb r\u00ebnduar automjetesh, duke b\u00ebr\u00eb q\u00eb mjetet t\u00eb presin n\u00eb radh\u00eb prej m\u00eb shum\u00eb se nj\u00eb or\u00eb. M\u00ebsohet se kamioni ishte nisur nga Durr\u00ebsi drejt Vor\u00ebs, nd\u00ebrsa nuk &hellip;<\/p>\n","protected":false},"author":1,"featured_media":14299,"comment_status":"closed","ping_status":"closed","sticky":true,"template":"","format":"standard","meta":{"_jetpack_memberships_contains_paid_content":false,"footnotes":""},"categories":[4],"tags":[],"jetpack_sharing_enabled":true,"jetpack_featured_media_url":"https:\/\/voranews.al\/wp-content\/uploads\/2022\/09\/1FC738ED-EA48-4765-A71A-E78DB54535BD.jpeg","_links":{"self":[{"href":"https:\/\/voranews.al\/index.php?rest_route=\/wp\/v2\/posts\/14298"}],"collection":[{"href":"https:\/\/voranews.al\/index.php?rest_route=\/wp\/v2\/posts"}],"about":[{"href":"https:\/\/voranews.al\/index.php?rest_route=\/wp\/v2\/types\/post"}],"author":[{"embeddable":true,"href":"https:\/\/voranews.al\/index.php?rest_route=\/wp\/v2\/users\/1"}],"replies":[{"embeddable":true,"href":"https:\/\/voranews.al\/index.php?rest_route=%2Fwp%2Fv2%2Fcomments&post=14298"}],"version-history":[{"count":1,"href":"https:\/\/voranews.al\/index.php?rest_route=\/wp\/v2\/posts\/14298\/revisions"}],"predecessor-version":[{"id":14300,"href":"https:\/\/voranews.al\/index.php?rest_route=\/wp\/v2\/posts\/14298\/revisions\/14300"}],"wp:featuredmedia":[{"embeddable":true,"href":"https:\/\/voranews.al\/index.php?rest_route=\/wp\/v2\/media\/14299"}],"wp:attachment":[{"href":"https:\/\/voranews.al\/index.php?rest_route=%2Fwp%2Fv2%2Fmedia&parent=14298"}],"wp:term":[{"taxonomy":"category","embeddable":true,"href":"https:\/\/voranews.al\/index.php?rest_route=%2Fwp%2Fv2%2Fcategories&post=14298"},{"taxonomy":"post_tag","embeddable":true,"href":"https:\/\/voranews.al\/index.php?rest_route=%2Fwp%2Fv2%2Ftags&post=14298"}],"curies":[{"name":"wp","href":"https:\/\/api.w.org\/{rel}","templated":true}]}}