{"id":14679,"date":"2022-10-28T14:33:23","date_gmt":"2022-10-28T13:33:23","guid":{"rendered":"https:\/\/voranews.al\/?p=14679"},"modified":"2022-10-28T14:33:26","modified_gmt":"2022-10-28T13:33:26","slug":"kryebashkiaku-arbana-merr-mendimet-e-qytetareve-te-lugines-perpara-hedhjes-se-shortit-te-pallateve","status":"publish","type":"post","link":"https:\/\/voranews.al\/?p=14679","title":{"rendered":"Kryebashkiaku Arbana merr mendimet e qytetar\u00ebve t\u00eb Lugin\u00ebs, p\u00ebrpara hedhjes s\u00eb shortit t\u00eb pallateve."},"content":{"rendered":"\n<p><strong>Kryebashkiaku Arbana merr mendimet e qytetar\u00ebve t\u00eb Lugin\u00ebs, p\u00ebrpara hedhjes s\u00eb shortit t\u00eb pallateve.<\/strong><\/p>\n\n\n\n<figure class=\"wp-block-image size-large\"><img loading=\"lazy\" decoding=\"async\" width=\"500\" height=\"375\" src=\"https:\/\/voranews.al\/wp-content\/uploads\/2022\/10\/D0ED68E8-01E7-4EAC-91FE-4A8F4BFFEDDC-500x375.jpeg\" alt=\"\" class=\"wp-image-14680\" srcset=\"https:\/\/voranews.al\/wp-content\/uploads\/2022\/10\/D0ED68E8-01E7-4EAC-91FE-4A8F4BFFEDDC-500x375.jpeg 500w, https:\/\/voranews.al\/wp-content\/uploads\/2022\/10\/D0ED68E8-01E7-4EAC-91FE-4A8F4BFFEDDC-300x225.jpeg 300w, https:\/\/voranews.al\/wp-content\/uploads\/2022\/10\/D0ED68E8-01E7-4EAC-91FE-4A8F4BFFEDDC.jpeg 720w\" sizes=\"(max-width: 500px) 100vw, 500px\" \/><\/figure>\n\n\n\n<p>Sot kryebashkiaku Arbana ka patur nj\u00eb d\u00ebgjes\u00eb publike me banor\u00ebt e lagjes Lugina n\u00eb Shijak, p\u00ebr t\u00eb d\u00ebgjuar mendimet e familjeve q\u00eb jan\u00eb p\u00ebrfituese t\u00eb nj\u00eb apartamenti t\u00eb ri.<\/p>\n\n\n\n<p>Postimi i plot\u00eb:<\/p>\n\n\n\n<p>Sot realizuam nj\u00eb d\u00ebgjes\u00eb publike me banor\u00ebt e lagjes Lugina, p\u00ebr t\u00eb diskutuar n\u00eb lidhje me faz\u00ebn e fundit t\u00eb rind\u00ebrtimit t\u00eb pallateve, p\u00ebr t\u00eb gjitha familjet q\u00eb mbet\u00ebn t\u00eb pastreha.<\/p>\n\n\n\n<figure class=\"wp-block-image size-large\"><img loading=\"lazy\" decoding=\"async\" width=\"500\" height=\"375\" src=\"https:\/\/voranews.al\/wp-content\/uploads\/2022\/10\/9D988CFC-B44B-4FC6-A4FB-81F0A7B40448-500x375.jpeg\" alt=\"\" class=\"wp-image-14681\" srcset=\"https:\/\/voranews.al\/wp-content\/uploads\/2022\/10\/9D988CFC-B44B-4FC6-A4FB-81F0A7B40448-500x375.jpeg 500w, https:\/\/voranews.al\/wp-content\/uploads\/2022\/10\/9D988CFC-B44B-4FC6-A4FB-81F0A7B40448-300x225.jpeg 300w, https:\/\/voranews.al\/wp-content\/uploads\/2022\/10\/9D988CFC-B44B-4FC6-A4FB-81F0A7B40448.jpeg 720w\" sizes=\"(max-width: 500px) 100vw, 500px\" \/><\/figure>\n\n\n\n<p>Ky diskutim vjen p\u00ebrpara ndarjes s\u00eb pallateve, ku do t\u00eb hedhim shorteun p\u00ebr familjet q\u00eb do t\u00eb p\u00ebrfitojn\u00eb apartamentet e reja. Shorteu i shp\u00ebrndarjes s\u00eb k\u00ebtyre apartamenteve do t\u00eb jet\u00eb i hapur dhe transparent dhe do t\u00eb zhvillohet n\u00eb prani t\u00eb familjeve p\u00ebrfituese.<\/p>\n\n\n\n<p>Ku ka vullnet, ka zgjidhje!<\/p>\n\n\n\n<p><a href=\"https:\/\/m.facebook.com\/story.php?story_fbid=pfbid0Z5m6wQku8Vk3G441GCwp5bbAgMToufZbWo5WdCB4RsmFt8B1LyYrb6NnNq9TXfJQl&amp;id=100000322354769\">https:\/\/m.facebook.com\/story.php?story_fbid=pfbid0Z5m6wQku8Vk3G441GCwp5bbAgMToufZbWo5WdCB4RsmFt8B1LyYrb6NnNq9TXfJQl&amp;id=100000322354769<\/a><\/p>\n","protected":false},"excerpt":{"rendered":"<p>Kryebashkiaku Arbana merr mendimet e qytetar\u00ebve t\u00eb Lugin\u00ebs, p\u00ebrpara hedhjes s\u00eb shortit t\u00eb pallateve. Sot kryebashkiaku Arbana ka patur nj\u00eb d\u00ebgjes\u00eb publike me banor\u00ebt e lagjes Lugina n\u00eb Shijak, p\u00ebr t\u00eb d\u00ebgjuar mendimet e familjeve q\u00eb jan\u00eb p\u00ebrfituese t\u00eb nj\u00eb apartamenti t\u00eb ri. Postimi i plot\u00eb: Sot realizuam nj\u00eb d\u00ebgjes\u00eb publike me banor\u00ebt e lagjes &hellip;<\/p>\n","protected":false},"author":1,"featured_media":14682,"comment_status":"closed","ping_status":"closed","sticky":true,"template":"","format":"standard","meta":{"_jetpack_memberships_contains_paid_content":false,"footnotes":""},"categories":[4],"tags":[],"jetpack_sharing_enabled":true,"jetpack_featured_media_url":"https:\/\/voranews.al\/wp-content\/uploads\/2022\/10\/F8ADA879-BAE3-4860-9BD1-FB3D73EE8C66.jpeg","_links":{"self":[{"href":"https:\/\/voranews.al\/index.php?rest_route=\/wp\/v2\/posts\/14679"}],"collection":[{"href":"https:\/\/voranews.al\/index.php?rest_route=\/wp\/v2\/posts"}],"about":[{"href":"https:\/\/voranews.al\/index.php?rest_route=\/wp\/v2\/types\/post"}],"author":[{"embeddable":true,"href":"https:\/\/voranews.al\/index.php?rest_route=\/wp\/v2\/users\/1"}],"replies":[{"embeddable":true,"href":"https:\/\/voranews.al\/index.php?rest_route=%2Fwp%2Fv2%2Fcomments&post=14679"}],"version-history":[{"count":1,"href":"https:\/\/voranews.al\/index.php?rest_route=\/wp\/v2\/posts\/14679\/revisions"}],"predecessor-version":[{"id":14683,"href":"https:\/\/voranews.al\/index.php?rest_route=\/wp\/v2\/posts\/14679\/revisions\/14683"}],"wp:featuredmedia":[{"embeddable":true,"href":"https:\/\/voranews.al\/index.php?rest_route=\/wp\/v2\/media\/14682"}],"wp:attachment":[{"href":"https:\/\/voranews.al\/index.php?rest_route=%2Fwp%2Fv2%2Fmedia&parent=14679"}],"wp:term":[{"taxonomy":"category","embeddable":true,"href":"https:\/\/voranews.al\/index.php?rest_route=%2Fwp%2Fv2%2Fcategories&post=14679"},{"taxonomy":"post_tag","embeddable":true,"href":"https:\/\/voranews.al\/index.php?rest_route=%2Fwp%2Fv2%2Ftags&post=14679"}],"curies":[{"name":"wp","href":"https:\/\/api.w.org\/{rel}","templated":true}]}}