{"id":14876,"date":"2022-11-21T13:27:24","date_gmt":"2022-11-21T12:27:24","guid":{"rendered":"https:\/\/voranews.al\/?p=14876"},"modified":"2022-11-21T13:27:26","modified_gmt":"2022-11-21T12:27:26","slug":"evakuohen-53-familje-shtabi-i-emergjencave-situate-problematike-ne-shkoder-dhe-lezhe%ef%bf%bc","status":"publish","type":"post","link":"https:\/\/voranews.al\/?p=14876","title":{"rendered":"Evakuohen 53 familje, Shtabi i Emergjencave: Situat\u00eb problematike n\u00eb Shkod\u00ebr dhe Lezh\u00eb\ufffc"},"content":{"rendered":"\n<p>Si pasoj\u00eb e reshjeve intensive n\u00eb vend situata m\u00eb problematike paraqitet ve\u00e7an\u00ebrisht n\u00eb qarqet e Shkodr\u00ebs dhe Lezh\u00ebs. Sipas t\u00eb dh\u00ebnave t\u00eb fundit nga Qendra Komb\u00ebtare Operacionale e Emergjencave Civile n\u00eb Agjencin\u00eb e Mbrojtjes Civile, \u00ebsht\u00eb b\u00ebr\u00eb evakuimi i 50 familjeve n\u00eb bashkin\u00eb Shkod\u00ebr dhe 3 familjeve n\u00eb fshatin Gruemir\u00eb, bashkia Mal\u00ebsi e Madhe. T\u00eb evakuuarit jan\u00eb strehuar n\u00eb konviktet e shkollave dhe pran\u00eb t\u00eb af\u00ebrmve t\u00eb tyre.<\/p>\n\n\n\n<p>Nj\u00eb familje \u00ebsht\u00eb evakuuar nga fshati Mabe, n\u00eb Lezh\u00eb, t\u00eb cil\u00ebt jan\u00eb strehuar tek t\u00eb af\u00ebrmit e tyre.<\/p>\n\n\n\n<p>Mbi 240 efektiv\u00eb t\u00eb Forcave t\u00eb Armatosura, me 25 motomjete dhe pajisje t\u00eb posa\u00e7me p\u00ebr p\u00ebrmbytjet jan\u00eb p\u00ebrqendruar n\u00eb k\u00ebto dy qarqe, n\u00eb ndihm\u00eb edhe t\u00eb forcave t\u00eb tjera operacionale.<\/p>\n\n\n\n<p>Punonj\u00ebsit e ARRSH jan\u00eb n\u00eb terren p\u00ebr t\u00eb pastruar akset e bllokuara. \u00cbsht\u00eb b\u00ebr\u00eb i mundur kalimi i banor\u00ebve t\u00eb zonave ku ka probleme edhe me rrug\u00eb t\u00eb tjera alternative.<\/p>\n\n\n\n<p>N\u00eb aksin rrugor Shkod\u00ebr- Lezh\u00eb, n\u00eb vendin e quajtur \u201cHarku i B\u00ebrdic\u00ebs\u201d, kalimi b\u00ebhet n\u00eb drejtim t\u00eb Gurit t\u00eb Zi. Po ashtu \u00ebsht\u00eb normalizuar situata n\u00eb aksin e vjet\u00ebr Milot-Burrel, ku pati r\u00ebnie gur\u00ebsh.<\/p>\n\n\n\n<p>Furnizimi me energji \u00ebsht\u00eb i garantuar n\u00eb pjes\u00ebn m\u00eb t\u00eb madhe t\u00eb zonave, ku ka patur d\u00ebmtime nga reshjet, pas nj\u00eb pune t\u00eb pand\u00ebrprer\u00eb nga punonj\u00ebsit e OSHEE n\u00eb terren.<\/p>\n\n\n\n<p>Situata po ndiqet me v\u00ebmendje edhe n\u00eb bashkit\u00eb e tjera t\u00eb vendit si n\u00eb at\u00eb t\u00eb Dibr\u00ebs, Kuk\u00ebsit, Tropoj\u00ebs, Durr\u00ebsit, Tiran\u00ebs, etj.<\/p>\n\n\n\n<p>Efektiv\u00ebt e Forcave t\u00eb Armatosura, n\u00ebn koordimin e Agjencis\u00eb s\u00eb Mbrojtjes Civile, t\u00eb gjitha kapacitetet e sh\u00ebrbimit zjarrfik\u00ebs, Policia e Shtetit, strukturat e emergjencave civile, sh\u00ebrbimi mjek\u00ebsor jan\u00eb t\u00eb gjith\u00eb t\u00eb angazhuar n\u00eb terren n\u00eb \u00e7do rast nevoje.<\/p>\n\n\n\n<p>Ministria e Mbrojtjes u b\u00ebn thirrje banor\u00ebve t\u00eb zonave m\u00eb t\u00eb prekura nga reshjet, t\u00eb b\u00ebjn\u00eb kujdes gjat\u00eb k\u00ebtyre or\u00ebve kritike, t\u00eb k\u00ebrkojn\u00eb ndihm\u00ebn e autoriteteve n\u00eb \u00e7do rast dhe pa vones\u00eb.<\/p>\n","protected":false},"excerpt":{"rendered":"<p>Si pasoj\u00eb e reshjeve intensive n\u00eb vend situata m\u00eb problematike paraqitet ve\u00e7an\u00ebrisht n\u00eb qarqet e Shkodr\u00ebs dhe Lezh\u00ebs. Sipas t\u00eb dh\u00ebnave t\u00eb fundit nga Qendra Komb\u00ebtare Operacionale e Emergjencave Civile n\u00eb Agjencin\u00eb e Mbrojtjes Civile, \u00ebsht\u00eb b\u00ebr\u00eb evakuimi i 50 familjeve n\u00eb bashkin\u00eb Shkod\u00ebr dhe 3 familjeve n\u00eb fshatin Gruemir\u00eb, bashkia Mal\u00ebsi e Madhe. T\u00eb &hellip;<\/p>\n","protected":false},"author":1,"featured_media":14877,"comment_status":"closed","ping_status":"closed","sticky":true,"template":"","format":"standard","meta":{"_jetpack_memberships_contains_paid_content":false,"footnotes":""},"categories":[4],"tags":[],"jetpack_sharing_enabled":true,"jetpack_featured_media_url":"https:\/\/voranews.al\/wp-content\/uploads\/2022\/11\/7CA9D756-1CD0-40B7-B084-C49D3D024E20.jpeg","_links":{"self":[{"href":"https:\/\/voranews.al\/index.php?rest_route=\/wp\/v2\/posts\/14876"}],"collection":[{"href":"https:\/\/voranews.al\/index.php?rest_route=\/wp\/v2\/posts"}],"about":[{"href":"https:\/\/voranews.al\/index.php?rest_route=\/wp\/v2\/types\/post"}],"author":[{"embeddable":true,"href":"https:\/\/voranews.al\/index.php?rest_route=\/wp\/v2\/users\/1"}],"replies":[{"embeddable":true,"href":"https:\/\/voranews.al\/index.php?rest_route=%2Fwp%2Fv2%2Fcomments&post=14876"}],"version-history":[{"count":1,"href":"https:\/\/voranews.al\/index.php?rest_route=\/wp\/v2\/posts\/14876\/revisions"}],"predecessor-version":[{"id":14878,"href":"https:\/\/voranews.al\/index.php?rest_route=\/wp\/v2\/posts\/14876\/revisions\/14878"}],"wp:featuredmedia":[{"embeddable":true,"href":"https:\/\/voranews.al\/index.php?rest_route=\/wp\/v2\/media\/14877"}],"wp:attachment":[{"href":"https:\/\/voranews.al\/index.php?rest_route=%2Fwp%2Fv2%2Fmedia&parent=14876"}],"wp:term":[{"taxonomy":"category","embeddable":true,"href":"https:\/\/voranews.al\/index.php?rest_route=%2Fwp%2Fv2%2Fcategories&post=14876"},{"taxonomy":"post_tag","embeddable":true,"href":"https:\/\/voranews.al\/index.php?rest_route=%2Fwp%2Fv2%2Ftags&post=14876"}],"curies":[{"name":"wp","href":"https:\/\/api.w.org\/{rel}","templated":true}]}}