{"id":1515,"date":"2020-12-02T21:06:46","date_gmt":"2020-12-02T21:06:46","guid":{"rendered":"https:\/\/voranews.al\/?p=1515"},"modified":"2020-12-02T21:06:48","modified_gmt":"2020-12-02T21:06:48","slug":"opinion-nga-mentor-kikia","status":"publish","type":"post","link":"https:\/\/voranews.al\/?p=1515","title":{"rendered":"Opinion nga Mentor Kikia"},"content":{"rendered":"\n<p>Sa shum\u00eb etje kemi p\u00ebr \u201cllum\u00eb\u201d dhe \u201ck\u00ebllir\u00eb\u201d<\/p>\n\n\n\n<p>Ndoqa nj\u00eb pjes\u00eb t\u00eb emisionit \u201cOpen\u201d mbr\u00ebm\u00eb. U diskutua p\u00ebr \u00e7\u00ebshtjen e mos-hapjes s\u00eb negociatave, n\u00eb at\u00eb pjes\u00eb q\u00eb pash\u00eb un\u00eb. Sot po shikoja lajme n\u00eb media online q\u00eb i referoheshin k\u00ebtij emisioni:<\/p>\n\n\n\n<p>\u201cPlasi sherri mes Grida Dum\u00ebs dhe Frrok \u00c7upi: O k\u00ebllir\u00eb, o llum, o hi\u00e7\u201d, \u201cJam themeluesi i partis\u00eb q\u00eb ti fshin menderen moj\u201d, \u201cJa \u00e7far\u00eb i tha Grida Frrokut dhe Frroku Grid\u00ebs\u201d. M\u00eb pas n\u00eb rrjet vijn\u00eb ata q\u00eb l\u00ebshohen me sharje, ca ndaj Frrokut e ca ndaj Grid\u00ebs.<\/p>\n\n\n\n<p>I gjendur vet\u00eb shum\u00eb her\u00eb n\u00eb t\u00eb tilla mjedise, un\u00eb mendoj se kjo \u00ebsht\u00eb forma m\u00eb e sh\u00ebmtuar e t\u00eb b\u00ebrit debat. Qytetar\u00ebt q\u00eb shikojn\u00eb nj\u00eb debat politik, presin t\u00eb m\u00ebsojn\u00eb se \u00e7far\u00eb mendojn\u00eb, \u00e7far\u00eb idesh\u00eb kan\u00eb ata njer\u00ebzit e \u201cmen\u00e7ur\u201d q\u00eb jan\u00eb ftuar aty. Por n\u00eb fakt, \u00e7far\u00eb ndodh?<\/p>\n\n\n\n<p>Lajm nuk \u00ebsht\u00eb fare as \u00e7far\u00eb thuhet aty, as \u00e7far\u00eb sygjerohet, por vet\u00ebm si u shan\u00eb, si u zun\u00eb, si u ofenduan\u2026<br>Mark Marku, p.sh, ka nj\u00eb jet\u00eb q\u00eb del n\u00ebp\u00ebr studio, por lajm \u00ebsht\u00eb b\u00ebr\u00eb vet\u00ebm se i tha dikujt \u201cta fus me shishe kok\u00ebs\u201d. Padyshim edhe Frroku dhe Grida, kan\u00eb th\u00ebn\u00eb gjera m\u00eb t\u00eb r\u00ebnd\u00ebsishme se ato fyerjet, por lajm u b\u00ebn\u00eb pik\u00ebrisht p\u00ebr fyerjet.<\/p>\n\n\n\n<p>Pas \u00e7do emisini, mediat sulen t\u00eb b\u00ebjn\u00eb lajme t\u00eb tipit: plas n\u00eb studio, ja si e shau, ja si i tha, ja si e k\u00ebrc\u00ebnoi. Madje edhe vet programet i promovojn\u00eb k\u00ebto \u201dlajme\u201d n\u00eb faqet e tyre.<\/p>\n\n\n\n<p>Pse ka kaq shum\u00eb etje p\u00ebr sharje, p\u00ebr ofendime, p\u00ebr llum? Sepse kjo sjell m\u00eb shum\u00eb audienc\u00eb, sepse kjo e t\u00ebrheq m\u00eb shum\u00eb lexuesin dhe shikuesin? Ndoshta! Dhe kjo b\u00ebn q\u00eb moderator\u00ebt ta k\u00ebrkojn\u00eb audienc\u00ebn tek sherri e jo tek idet\u00eb q\u00eb duhet t\u00eb dalin n\u00eb nj\u00eb progm t\u00eb till\u00eb. M\u00eb i zoti nuk \u00ebsht\u00eb ai q\u00eb jep argumentat dhe idet\u00eb m\u00eb t\u00eb mira, por ai q\u00eb nuk e l\u00eb kund\u00ebrshtarin t\u00eb marr\u00eb frym\u00eb, nuk e l\u00eb t\u00eb flas\u00eb.<\/p>\n\n\n\n<p>Debati i par\u00eb mes Biden dhe Trump, ishte i \u201cAlla shqiptar\u00e7e\u201d, por opinoni brenda dhe jasht\u00eb vendit i sul t\u00eb dy kandidat\u00ebve dhe n\u00eb debatin tjet\u00ebr ata fol\u00ebn p\u00ebr planet q\u00eb kishte secili p\u00ebr Amerik\u00ebn.<\/p>\n\n\n\n<figure class=\"wp-block-image size-large\"><img loading=\"lazy\" decoding=\"async\" width=\"500\" height=\"259\" src=\"https:\/\/voranews.al\/wp-content\/uploads\/2020\/12\/image-500x259.png\" alt=\"\" class=\"wp-image-1516\" srcset=\"https:\/\/voranews.al\/wp-content\/uploads\/2020\/12\/image-500x259.png 500w, https:\/\/voranews.al\/wp-content\/uploads\/2020\/12\/image-300x156.png 300w, https:\/\/voranews.al\/wp-content\/uploads\/2020\/12\/image.png 700w\" sizes=\"(max-width: 500px) 100vw, 500px\" \/><\/figure>\n","protected":false},"excerpt":{"rendered":"<p>Sa shum\u00eb etje kemi p\u00ebr \u201cllum\u00eb\u201d dhe \u201ck\u00ebllir\u00eb\u201d Ndoqa nj\u00eb pjes\u00eb t\u00eb emisionit \u201cOpen\u201d mbr\u00ebm\u00eb. U diskutua p\u00ebr \u00e7\u00ebshtjen e mos-hapjes s\u00eb negociatave, n\u00eb at\u00eb pjes\u00eb q\u00eb pash\u00eb un\u00eb. Sot po shikoja lajme n\u00eb media online q\u00eb i referoheshin k\u00ebtij emisioni: \u201cPlasi sherri mes Grida Dum\u00ebs dhe Frrok \u00c7upi: O k\u00ebllir\u00eb, o llum, o hi\u00e7\u201d, &hellip;<\/p>\n","protected":false},"author":1,"featured_media":1517,"comment_status":"closed","ping_status":"closed","sticky":true,"template":"","format":"standard","meta":{"_jetpack_memberships_contains_paid_content":false,"footnotes":""},"categories":[20],"tags":[],"jetpack_sharing_enabled":true,"jetpack_featured_media_url":"https:\/\/voranews.al\/wp-content\/uploads\/2020\/12\/72A8346E-3CC5-48DD-B483-9A5719871442.jpeg","_links":{"self":[{"href":"https:\/\/voranews.al\/index.php?rest_route=\/wp\/v2\/posts\/1515"}],"collection":[{"href":"https:\/\/voranews.al\/index.php?rest_route=\/wp\/v2\/posts"}],"about":[{"href":"https:\/\/voranews.al\/index.php?rest_route=\/wp\/v2\/types\/post"}],"author":[{"embeddable":true,"href":"https:\/\/voranews.al\/index.php?rest_route=\/wp\/v2\/users\/1"}],"replies":[{"embeddable":true,"href":"https:\/\/voranews.al\/index.php?rest_route=%2Fwp%2Fv2%2Fcomments&post=1515"}],"version-history":[{"count":1,"href":"https:\/\/voranews.al\/index.php?rest_route=\/wp\/v2\/posts\/1515\/revisions"}],"predecessor-version":[{"id":1518,"href":"https:\/\/voranews.al\/index.php?rest_route=\/wp\/v2\/posts\/1515\/revisions\/1518"}],"wp:featuredmedia":[{"embeddable":true,"href":"https:\/\/voranews.al\/index.php?rest_route=\/wp\/v2\/media\/1517"}],"wp:attachment":[{"href":"https:\/\/voranews.al\/index.php?rest_route=%2Fwp%2Fv2%2Fmedia&parent=1515"}],"wp:term":[{"taxonomy":"category","embeddable":true,"href":"https:\/\/voranews.al\/index.php?rest_route=%2Fwp%2Fv2%2Fcategories&post=1515"},{"taxonomy":"post_tag","embeddable":true,"href":"https:\/\/voranews.al\/index.php?rest_route=%2Fwp%2Fv2%2Ftags&post=1515"}],"curies":[{"name":"wp","href":"https:\/\/api.w.org\/{rel}","templated":true}]}}