{"id":15330,"date":"2023-01-02T17:35:38","date_gmt":"2023-01-02T16:35:38","guid":{"rendered":"https:\/\/voranews.al\/?p=15330"},"modified":"2023-01-02T17:35:39","modified_gmt":"2023-01-02T16:35:39","slug":"lajmi-fundit-fshf-zyrtarizon-trainerin-e-ri-te-kombetares","status":"publish","type":"post","link":"https:\/\/voranews.al\/?p=15330","title":{"rendered":"Lajmi fundit : FSHF Zyrtarizon trainerin e ri te komb\u00ebtares"},"content":{"rendered":"\n<p><strong>Tashm\u00eb \u00ebsht\u00eb zyrtare, braziliani Sivinjo \u00ebsht\u00eb trajneri i ri i Komb\u00ebtares shqiptare. Lajmi \u00ebsht\u00eb konfirmuar nga vet\u00eb FSHF n\u00ebp\u00ebrmjet nj\u00eb njoftimi n\u00eb faqe zyrtare. 48-vje\u00e7ari do t\u00eb z\u00ebvend\u00ebsoj\u00eb Edi Rej\u00ebn, t\u00eb cilit i mbaroi kontrata n\u00eb fund t\u00eb n\u00ebntorit.<\/strong><\/p>\n\n\n\n<p>P\u00ebr her\u00eb t\u00eb par\u00eb n\u00eb historin\u00eb e saj dhe pas disa vitesh e orientuar drejt trajner\u00ebve italian\u00eb, &nbsp;Komb\u00ebtarja kuqezi &nbsp;do t\u00eb drejtohet nga nj\u00eb trajner brazilian.<\/p>\n\n\n\n<p><strong>NJOFTIMI I FSHF:<\/strong><\/p>\n\n\n\n<p><em>Federata Shqiptare e Futbollit ka arritur marr\u00ebveshjen me trajnerin Sylvio Mendes Campos J\u00fanior p\u00ebr t\u00eb marr\u00eb drejtimin e ekipit ton\u00eb komb\u00ebtar.<\/em><\/p>\n\n\n\n<p><em>Silvinjo do t\u00eb z\u00ebvend\u00ebsoj\u00eb n\u00eb k\u00ebt\u00eb detyr\u00eb italianin Edoardo Reja, i cili ishte n\u00eb krye t\u00eb kuqezinjve p\u00ebr 3 vite e gjysm\u00eb duke arritur rezultate t\u00eb r\u00ebnd\u00ebsishme dhe duke rinovuar ndjesh\u00ebm skuadr\u00ebn me element t\u00eb rinj premtues. Federata Shqiptare e Futbollit e fal\u00ebnderon Edi Rejan p\u00ebr kontributin e tij t\u00eb \u00e7muar n\u00eb drejtimin e Komb\u00ebtares gjat\u00eb k\u00ebtyre viteve dhe vler\u00ebson maksimalisht p\u00ebrvoj\u00ebn e bashk\u00ebpunimin q\u00eb ka ofruar n\u00eb rritjen e m\u00ebtejshme t\u00eb Komb\u00ebtares shqiptare.<\/em><\/p>\n\n\n\n<p><\/p>\n\n\n\n<p><\/p>\n\n\n\n<p><\/p>\n\n\n\n<p><\/p>\n\n\n\n<p><\/p>\n\n\n\n<p><\/p>\n\n\n\n<p><\/p>\n","protected":false},"excerpt":{"rendered":"<p>Tashm\u00eb \u00ebsht\u00eb zyrtare, braziliani Sivinjo \u00ebsht\u00eb trajneri i ri i Komb\u00ebtares shqiptare. Lajmi \u00ebsht\u00eb konfirmuar nga vet\u00eb FSHF n\u00ebp\u00ebrmjet nj\u00eb njoftimi n\u00eb faqe zyrtare. 48-vje\u00e7ari do t\u00eb z\u00ebvend\u00ebsoj\u00eb Edi Rej\u00ebn, t\u00eb cilit i mbaroi kontrata n\u00eb fund t\u00eb n\u00ebntorit. P\u00ebr her\u00eb t\u00eb par\u00eb n\u00eb historin\u00eb e saj dhe pas disa vitesh e orientuar drejt trajner\u00ebve &hellip;<\/p>\n","protected":false},"author":1,"featured_media":15331,"comment_status":"closed","ping_status":"closed","sticky":true,"template":"","format":"standard","meta":{"_jetpack_memberships_contains_paid_content":false,"footnotes":""},"categories":[1],"tags":[],"jetpack_sharing_enabled":true,"jetpack_featured_media_url":"https:\/\/voranews.al\/wp-content\/uploads\/2023\/01\/73396E11-70C4-40C1-9C4B-E21125FAAA6E.jpeg","_links":{"self":[{"href":"https:\/\/voranews.al\/index.php?rest_route=\/wp\/v2\/posts\/15330"}],"collection":[{"href":"https:\/\/voranews.al\/index.php?rest_route=\/wp\/v2\/posts"}],"about":[{"href":"https:\/\/voranews.al\/index.php?rest_route=\/wp\/v2\/types\/post"}],"author":[{"embeddable":true,"href":"https:\/\/voranews.al\/index.php?rest_route=\/wp\/v2\/users\/1"}],"replies":[{"embeddable":true,"href":"https:\/\/voranews.al\/index.php?rest_route=%2Fwp%2Fv2%2Fcomments&post=15330"}],"version-history":[{"count":1,"href":"https:\/\/voranews.al\/index.php?rest_route=\/wp\/v2\/posts\/15330\/revisions"}],"predecessor-version":[{"id":15332,"href":"https:\/\/voranews.al\/index.php?rest_route=\/wp\/v2\/posts\/15330\/revisions\/15332"}],"wp:featuredmedia":[{"embeddable":true,"href":"https:\/\/voranews.al\/index.php?rest_route=\/wp\/v2\/media\/15331"}],"wp:attachment":[{"href":"https:\/\/voranews.al\/index.php?rest_route=%2Fwp%2Fv2%2Fmedia&parent=15330"}],"wp:term":[{"taxonomy":"category","embeddable":true,"href":"https:\/\/voranews.al\/index.php?rest_route=%2Fwp%2Fv2%2Fcategories&post=15330"},{"taxonomy":"post_tag","embeddable":true,"href":"https:\/\/voranews.al\/index.php?rest_route=%2Fwp%2Fv2%2Ftags&post=15330"}],"curies":[{"name":"wp","href":"https:\/\/api.w.org\/{rel}","templated":true}]}}