{"id":15364,"date":"2023-01-05T11:18:35","date_gmt":"2023-01-05T10:18:35","guid":{"rendered":"https:\/\/voranews.al\/?p=15364"},"modified":"2023-01-05T11:18:37","modified_gmt":"2023-01-05T10:18:37","slug":"pas-pushimeve-rinis-sot-mesim-ne-te-gjitha-shkollat-e-vendit","status":"publish","type":"post","link":"https:\/\/voranews.al\/?p=15364","title":{"rendered":"Pas pushimeve, rinis sot m\u00ebsim n\u00eb t\u00eb gjitha shkollat e vendit"},"content":{"rendered":"\n<p>Pas festave t\u00eb fundvitit ka rinisur sot procesi m\u00ebsimor dhe ai akademik.Disa foto nga m\u00ebngjesi pran\u00eb shkollave 9-vje\u00e7are i shp\u00ebrndau n\u00eb rrjete sociale kryebashkiaku Veliaj.Pushimet kishin nisur prej dy jav\u00ebsh.Nd\u00ebrkaq ashtu si\u00e7 \u00ebsht\u00eb p\u00ebrcaktuar n\u00eb udh\u00ebzimin e ministris\u00eb, n\u00eb arsimin baz\u00eb k\u00ebt\u00eb vit shkollor do t\u00eb rikthehen edhe pushimet e pranver\u00ebs, t\u00eb hequra prej shum\u00eb vitesh. K\u00ebshtu sipas urdhrit n\u00eb datat 3-9 prill 2023, nx\u00ebn\u00ebsit nga klasa e par\u00eb n\u00eb klas\u00ebn e 9-t\u00eb do t\u00eb ken\u00eb pushimet e pranver\u00ebs.<\/p>\n\n\n\n<p><\/p>\n\n\n\n<p><\/p>\n\n\n\n<p><\/p>\n\n\n\n<p><\/p>\n\n\n\n<p><\/p>\n\n\n\n<p><\/p>\n","protected":false},"excerpt":{"rendered":"<p>Pas festave t\u00eb fundvitit ka rinisur sot procesi m\u00ebsimor dhe ai akademik.Disa foto nga m\u00ebngjesi pran\u00eb shkollave 9-vje\u00e7are i shp\u00ebrndau n\u00eb rrjete sociale kryebashkiaku Veliaj.Pushimet kishin nisur prej dy jav\u00ebsh.Nd\u00ebrkaq ashtu si\u00e7 \u00ebsht\u00eb p\u00ebrcaktuar n\u00eb udh\u00ebzimin e ministris\u00eb, n\u00eb arsimin baz\u00eb k\u00ebt\u00eb vit shkollor do t\u00eb rikthehen edhe pushimet e pranver\u00ebs, t\u00eb hequra prej shum\u00eb &hellip;<\/p>\n","protected":false},"author":1,"featured_media":15365,"comment_status":"closed","ping_status":"closed","sticky":true,"template":"","format":"standard","meta":{"_jetpack_memberships_contains_paid_content":false,"footnotes":""},"categories":[4],"tags":[],"jetpack_sharing_enabled":true,"jetpack_featured_media_url":"https:\/\/voranews.al\/wp-content\/uploads\/2023\/01\/FAC12330-A559-473A-9424-A91F53E44BAA.jpeg","_links":{"self":[{"href":"https:\/\/voranews.al\/index.php?rest_route=\/wp\/v2\/posts\/15364"}],"collection":[{"href":"https:\/\/voranews.al\/index.php?rest_route=\/wp\/v2\/posts"}],"about":[{"href":"https:\/\/voranews.al\/index.php?rest_route=\/wp\/v2\/types\/post"}],"author":[{"embeddable":true,"href":"https:\/\/voranews.al\/index.php?rest_route=\/wp\/v2\/users\/1"}],"replies":[{"embeddable":true,"href":"https:\/\/voranews.al\/index.php?rest_route=%2Fwp%2Fv2%2Fcomments&post=15364"}],"version-history":[{"count":1,"href":"https:\/\/voranews.al\/index.php?rest_route=\/wp\/v2\/posts\/15364\/revisions"}],"predecessor-version":[{"id":15366,"href":"https:\/\/voranews.al\/index.php?rest_route=\/wp\/v2\/posts\/15364\/revisions\/15366"}],"wp:featuredmedia":[{"embeddable":true,"href":"https:\/\/voranews.al\/index.php?rest_route=\/wp\/v2\/media\/15365"}],"wp:attachment":[{"href":"https:\/\/voranews.al\/index.php?rest_route=%2Fwp%2Fv2%2Fmedia&parent=15364"}],"wp:term":[{"taxonomy":"category","embeddable":true,"href":"https:\/\/voranews.al\/index.php?rest_route=%2Fwp%2Fv2%2Fcategories&post=15364"},{"taxonomy":"post_tag","embeddable":true,"href":"https:\/\/voranews.al\/index.php?rest_route=%2Fwp%2Fv2%2Ftags&post=15364"}],"curies":[{"name":"wp","href":"https:\/\/api.w.org\/{rel}","templated":true}]}}