{"id":15685,"date":"2023-02-09T08:26:11","date_gmt":"2023-02-09T07:26:11","guid":{"rendered":"https:\/\/voranews.al\/?p=15685"},"modified":"2023-02-09T08:26:13","modified_gmt":"2023-02-09T07:26:13","slug":"i-ftohti-i-acarte-ne-vend-mesoni-si-do-te-jete-moti-sot","status":"publish","type":"post","link":"https:\/\/voranews.al\/?p=15685","title":{"rendered":"I ftohti i acart\u00eb n\u00eb vend, m\u00ebsoni si do t\u00eb jet\u00eb moti sot"},"content":{"rendered":"\n<p>P\u00ebr dit\u00ebn e enjte vendi yn\u00eb do t\u00eb&nbsp; mbetet n\u00ebn ndikimin e masave ajrore t\u00eb qendrueshme dhe t\u00eb ftohta.<\/p>\n\n\n\n<p>Moti&nbsp; parashikohet t\u00eb jet\u00eb me kthjellime dhe prej mesdit\u00eb prezenc\u00eb t\u00eb vran\u00ebsirave deri t\u00eb dendura.&nbsp; Era do t\u00eb fryj\u00eb nga verilindja \u2013juglindja me shpejt\u00ebsi deri n\u00eb 10m\/s, duke b\u00ebr\u00eb q\u00eb val\u00ebzimi n\u00eb detet t\u00eb jet\u00eb i forc\u00ebs 2 ball\u00eb.<\/p>\n\n\n\n<p>Temperaturat parashikohen:<\/p>\n\n\n\n<p>n\u00eb zona malore -10 deri 3\u00b0C<\/p>\n\n\n\n<p>n\u00eb zona e ul\u00ebta -8 deri 12\u00b0C<\/p>\n\n\n\n<p>n\u00eb zona bregdetare -1 deri 12\u00b0C<\/p>\n","protected":false},"excerpt":{"rendered":"<p>P\u00ebr dit\u00ebn e enjte vendi yn\u00eb do t\u00eb&nbsp; mbetet n\u00ebn ndikimin e masave ajrore t\u00eb qendrueshme dhe t\u00eb ftohta. Moti&nbsp; parashikohet t\u00eb jet\u00eb me kthjellime dhe prej mesdit\u00eb prezenc\u00eb t\u00eb vran\u00ebsirave deri t\u00eb dendura.&nbsp; Era do t\u00eb fryj\u00eb nga verilindja \u2013juglindja me shpejt\u00ebsi deri n\u00eb 10m\/s, duke b\u00ebr\u00eb q\u00eb val\u00ebzimi n\u00eb detet t\u00eb jet\u00eb i &hellip;<\/p>\n","protected":false},"author":1,"featured_media":15671,"comment_status":"closed","ping_status":"closed","sticky":true,"template":"","format":"standard","meta":{"_jetpack_memberships_contains_paid_content":false,"footnotes":""},"categories":[4],"tags":[],"jetpack_sharing_enabled":true,"jetpack_featured_media_url":"https:\/\/voranews.al\/wp-content\/uploads\/2023\/02\/695BFB05-094D-44CD-8D20-AD1818B934D9.jpeg","_links":{"self":[{"href":"https:\/\/voranews.al\/index.php?rest_route=\/wp\/v2\/posts\/15685"}],"collection":[{"href":"https:\/\/voranews.al\/index.php?rest_route=\/wp\/v2\/posts"}],"about":[{"href":"https:\/\/voranews.al\/index.php?rest_route=\/wp\/v2\/types\/post"}],"author":[{"embeddable":true,"href":"https:\/\/voranews.al\/index.php?rest_route=\/wp\/v2\/users\/1"}],"replies":[{"embeddable":true,"href":"https:\/\/voranews.al\/index.php?rest_route=%2Fwp%2Fv2%2Fcomments&post=15685"}],"version-history":[{"count":1,"href":"https:\/\/voranews.al\/index.php?rest_route=\/wp\/v2\/posts\/15685\/revisions"}],"predecessor-version":[{"id":15686,"href":"https:\/\/voranews.al\/index.php?rest_route=\/wp\/v2\/posts\/15685\/revisions\/15686"}],"wp:featuredmedia":[{"embeddable":true,"href":"https:\/\/voranews.al\/index.php?rest_route=\/wp\/v2\/media\/15671"}],"wp:attachment":[{"href":"https:\/\/voranews.al\/index.php?rest_route=%2Fwp%2Fv2%2Fmedia&parent=15685"}],"wp:term":[{"taxonomy":"category","embeddable":true,"href":"https:\/\/voranews.al\/index.php?rest_route=%2Fwp%2Fv2%2Fcategories&post=15685"},{"taxonomy":"post_tag","embeddable":true,"href":"https:\/\/voranews.al\/index.php?rest_route=%2Fwp%2Fv2%2Ftags&post=15685"}],"curies":[{"name":"wp","href":"https:\/\/api.w.org\/{rel}","templated":true}]}}