{"id":1616,"date":"2020-12-03T21:16:09","date_gmt":"2020-12-03T21:16:09","guid":{"rendered":"https:\/\/voranews.al\/?p=1616"},"modified":"2020-12-03T21:16:10","modified_gmt":"2020-12-03T21:16:10","slug":"lleshaj-perballet-me-gazetarin-hoxha-dhe-ben-deklaraten-e-papritur","status":"publish","type":"post","link":"https:\/\/voranews.al\/?p=1616","title":{"rendered":"Lleshaj p\u00ebrballet me gazetarin Hoxha dhe b\u00ebn deklarat\u00ebn e papritur"},"content":{"rendered":"\n<p>Ministri i Brendsh\u00ebm Sand\u00ebr Lleshaj ka folur p\u00ebr situat\u00ebn aktuale n\u00eb vend, referuar krimit t\u00eb organizuar, vrasjeve apo veprave penale t\u00eb tjera si aksidentet apo kultivim l\u00ebnd\u00ebsh narkotike.<\/p>\n\n\n\n<p>Lleshaj tha se 2020 ka qen\u00eb viti m\u00eb i mir\u00eb, me statistikat m\u00eb t\u00eb mira n\u00eb 30 vite.<\/p>\n\n\n\n<p>Nga ana tjet\u00ebr Artan Hoxha i tha Lleshajt se krimi i organizuar kontrollon shumic\u00ebn e qyteteve shqiptare, jo si n\u00eb 1997, por n\u00eb m\u00ebnyr\u00eb m\u00eb t\u00eb sofistikuar, m\u00eb t\u00eb modernizuar, duke kontrolluar shoq\u00ebrin\u00eb, bizneset.<\/p>\n\n\n\n<p><strong>Lleshaj<\/strong>: Nuk ka vrasje t\u00eb nj\u00ebpasnj\u00ebshme p\u00ebr dit\u00eb. Ato jasht\u00eb vendit nuk llogariten, jan\u00eb jasht\u00eb juridiksionit ton\u00eb. Fenomeni nuk \u00ebsht\u00eb n\u00eb nivele shqet\u00ebsuese, vet\u00ebm 49 vrasje p\u00ebr k\u00ebt\u00eb vit. N\u00eb vlerat m\u00eb t\u00eb mira historike. Vrasje me 2019 kemi 13% m\u00eb pak. Vrasje n\u00eb familje 57% m\u00eb pak se n\u00eb 2019. Aksidente 15% m\u00eb pak, viktima nga k\u00ebto aksidente 18% m\u00eb pak se n\u00eb 2019. Nuk jemi n\u00eb dram\u00eb. Edhe nj\u00ebri po t\u00eb vritet \u00ebsht\u00eb problem.<\/p>\n\n\n\n<p><strong>Fevziu:<\/strong>&nbsp;N\u00eb Vlor\u00eb ka persona q\u00eb jan\u00eb zhdukur dhe s\u2019po gjenden ende.<\/p>\n\n\n\n<p><strong>Lleshaj:<\/strong>&nbsp;\u00cbsht\u00eb b\u00ebr\u00eb legjend\u00eb Vlora. Nuk rezulton t\u00eb jet\u00eb num\u00ebr i lart\u00eb.<\/p>\n\n\n\n<p><strong>Hoxha:<\/strong>&nbsp;N\u00eb shtator 2018 kemi publikuar videon e rr\u00ebmbimit t\u00eb Elvis Troqes dhe u ndaluan rr\u00ebmbimet. P\u00ebr 3 muaj m\u00eb pas u zhduk\u00ebn 3 persona. P\u00ebr rastin e fundit t\u00eb Ermal Ngucaj, q\u00eb nuk \u00ebsht\u00eb gjendur m\u00eb, \u00ebsht\u00eb fenomen kriminal i duksh\u00ebm. Ose prokurori b\u00ebn dosje t\u00eb tjera dhe ju hetoni persona t\u00eb tjer\u00eb\u2026<\/p>\n\n\n\n<p>Prokuroria ende edhe sot e k\u00ebsaj dite nuk ka dh\u00ebn\u00eb urdh\u00ebr arresti p\u00ebr persona t\u00eb implikuar n\u00eb krime. Jan\u00eb p\u00ebrmendur nga OFL kur filloi operacioni. Ata pranuan q\u00eb kan\u00eb qen\u00eb n\u00eb vrasje dhe jo vet\u00ebm. P\u00ebr t\u00eb tjer\u00ebt s\u2019ka urdh\u00ebr arreste.<\/p>\n\n\n\n<p><strong>Lleshaj:<\/strong>&nbsp;Te Vlora, p\u00ebr t\u00eb zhdukurit, cil\u00ebsohet i zhdukur nj\u00eb person p\u00ebr t\u00eb cilin ka denoncim n\u00eb polici. Marr\u00ebdh\u00ebniet tona me prokurorin\u00eb e p\u00ebrgjithshme jan\u00eb shum\u00eb t\u00eb mira, por n\u00ebp\u00ebr rrethe varion.<\/p>\n\n\n\n<p><strong>Hoxha:<\/strong>&nbsp;Ju that\u00eb se n\u00eb asnj\u00eb cep t\u00eb Shqip\u00ebris\u00eb nuk ka kontrolle nga krimi. Por s\u2019do t\u00eb thot\u00eb se jemi n\u00eb 1997, por n\u00eb m\u00ebnyr\u00eb m\u00eb t\u00eb sofistikuar. Kapin jet\u00ebn shoq\u00ebrore, bizneset. Policia n\u00eb vitet e fundit n\u00eb Elbasan ka zbuluar nj\u00eb nga nj\u00eb disa ngjarje, por problemi \u00ebsht\u00eb ky, q\u00eb n\u00ebse nuk ka bashk\u00ebpunim nuk ka sukses. Grupet kriminale po i nd\u00ebrpresin financat njeri-tjetrit. Me ato para blihen mercenar\u00ebt, arm\u00ebt, rekrutohen t\u00eb varf\u00ebr q\u00eb me 5 lek\u00eb t\u00eb vrasin.<\/p>\n\n\n\n<p>Gazetari Hoxha i nxjerr faktet, n\u00eb 3 kapje n\u00eb Itali, Greqi dhe Mal t\u00eb Zi, mbi 3 ton kanabis t\u00eb kapur nga fqinj\u00ebt.<\/p>\n\n\n\n<p><strong>Hoxha:<\/strong>&nbsp;Beteja me kanabisin nuk \u00ebsht\u00eb policore, por politike.<\/p>\n\n\n\n<p><strong>Lleshaj:<\/strong>&nbsp;Shum\u00eb shqiptar\u00eb kan\u00eb emigruar dhe merren me kultivim kanabisi. Un\u00eb mbaj p\u00ebrgjegj\u00ebsin\u00eb time.<\/p>\n","protected":false},"excerpt":{"rendered":"<p>Ministri i Brendsh\u00ebm Sand\u00ebr Lleshaj ka folur p\u00ebr situat\u00ebn aktuale n\u00eb vend, referuar krimit t\u00eb organizuar, vrasjeve apo veprave penale t\u00eb tjera si aksidentet apo kultivim l\u00ebnd\u00ebsh narkotike. Lleshaj tha se 2020 ka qen\u00eb viti m\u00eb i mir\u00eb, me statistikat m\u00eb t\u00eb mira n\u00eb 30 vite. Nga ana tjet\u00ebr Artan Hoxha i tha Lleshajt se &hellip;<\/p>\n","protected":false},"author":1,"featured_media":1618,"comment_status":"closed","ping_status":"closed","sticky":true,"template":"","format":"standard","meta":{"_jetpack_memberships_contains_paid_content":false,"footnotes":""},"categories":[20],"tags":[],"jetpack_sharing_enabled":true,"jetpack_featured_media_url":"https:\/\/voranews.al\/wp-content\/uploads\/2020\/12\/691DFE4A-D76D-4ECB-B961-8B1852FEEBA0.jpeg","_links":{"self":[{"href":"https:\/\/voranews.al\/index.php?rest_route=\/wp\/v2\/posts\/1616"}],"collection":[{"href":"https:\/\/voranews.al\/index.php?rest_route=\/wp\/v2\/posts"}],"about":[{"href":"https:\/\/voranews.al\/index.php?rest_route=\/wp\/v2\/types\/post"}],"author":[{"embeddable":true,"href":"https:\/\/voranews.al\/index.php?rest_route=\/wp\/v2\/users\/1"}],"replies":[{"embeddable":true,"href":"https:\/\/voranews.al\/index.php?rest_route=%2Fwp%2Fv2%2Fcomments&post=1616"}],"version-history":[{"count":1,"href":"https:\/\/voranews.al\/index.php?rest_route=\/wp\/v2\/posts\/1616\/revisions"}],"predecessor-version":[{"id":1619,"href":"https:\/\/voranews.al\/index.php?rest_route=\/wp\/v2\/posts\/1616\/revisions\/1619"}],"wp:featuredmedia":[{"embeddable":true,"href":"https:\/\/voranews.al\/index.php?rest_route=\/wp\/v2\/media\/1618"}],"wp:attachment":[{"href":"https:\/\/voranews.al\/index.php?rest_route=%2Fwp%2Fv2%2Fmedia&parent=1616"}],"wp:term":[{"taxonomy":"category","embeddable":true,"href":"https:\/\/voranews.al\/index.php?rest_route=%2Fwp%2Fv2%2Fcategories&post=1616"},{"taxonomy":"post_tag","embeddable":true,"href":"https:\/\/voranews.al\/index.php?rest_route=%2Fwp%2Fv2%2Ftags&post=1616"}],"curies":[{"name":"wp","href":"https:\/\/api.w.org\/{rel}","templated":true}]}}