{"id":16238,"date":"2023-04-03T18:35:21","date_gmt":"2023-04-03T17:35:21","guid":{"rendered":"https:\/\/voranews.al\/?p=16238"},"modified":"2023-04-03T18:35:23","modified_gmt":"2023-04-03T17:35:23","slug":"plagosje-me-thike-ne-tirane-tre-persona-perfundojne-ne-spital","status":"publish","type":"post","link":"https:\/\/voranews.al\/?p=16238","title":{"rendered":"Plagosje me thik\u00eb n\u00eb Tiran\u00eb, tre persona p\u00ebrfundojn\u00eb n\u00eb spital"},"content":{"rendered":"\n<p>Nj\u00eb plagosje ka ndodhur n\u00eb zon\u00ebn e Laprak\u00ebs, Tiran\u00eb pasditen e sotme.Ngjarja ka ndodhur n\u00eb lokal, ku gjat\u00eb nj\u00eb konfliktit kan\u00eb mbetur t\u00eb plagosur me mjet prer\u00ebs tre persona.<\/p>\n\n\n\n<p>T\u00eb plagosurit jan\u00eb transportuar n\u00eb spital ku jan\u00eb n\u00ebn kujdesin e mjek\u00ebve<\/p>\n\n\n\n<p><strong>Njoftimi i policis\u00eb:<\/strong><\/p>\n\n\n\n<p><em>Tiran\u00eb\/Informacion paraprak<\/em><\/p>\n\n\n\n<p><em>M\u00eb dat\u00eb 04.03.2023, n\u00eb Laprak\u00eb, n\u00eb nj\u00eb lokal, shtetasi E. Gj., 40 vje\u00e7, dyshohet se ka goditur me mjet prer\u00ebs shtetasit V. Rr., 64 vje\u00e7, R. Rr., 40 vje\u00e7 dhe shtetasin M. M., 47 vje\u00e7. Si pasoj\u00eb 3 shtetasit jan\u00eb d\u00ebmtuar dhe ndodhen n\u00eb spital, n\u00ebn kujdesin e mjek\u00ebve.<\/em><\/p>\n\n\n\n<p><em>Sh\u00ebrbimet e Policis\u00eb po kontrollojn\u00eb n\u00eb zon\u00eb p\u00ebr kapjen e autorit.<\/em><\/p>\n\n\n\n<p><em>Grupi hetimor po punon p\u00ebr sqarimin e rrethanave t\u00eb ngjarjes.<\/em><\/p>\n\n\n\n<p><\/p>\n\n\n\n<p><\/p>\n\n\n\n<p><\/p>\n\n\n\n<p><\/p>\n","protected":false},"excerpt":{"rendered":"<p>Nj\u00eb plagosje ka ndodhur n\u00eb zon\u00ebn e Laprak\u00ebs, Tiran\u00eb pasditen e sotme.Ngjarja ka ndodhur n\u00eb lokal, ku gjat\u00eb nj\u00eb konfliktit kan\u00eb mbetur t\u00eb plagosur me mjet prer\u00ebs tre persona. T\u00eb plagosurit jan\u00eb transportuar n\u00eb spital ku jan\u00eb n\u00ebn kujdesin e mjek\u00ebve Njoftimi i policis\u00eb: Tiran\u00eb\/Informacion paraprak M\u00eb dat\u00eb 04.03.2023, n\u00eb Laprak\u00eb, n\u00eb nj\u00eb lokal, shtetasi &hellip;<\/p>\n","protected":false},"author":1,"featured_media":16239,"comment_status":"closed","ping_status":"closed","sticky":true,"template":"","format":"standard","meta":{"_jetpack_memberships_contains_paid_content":false,"footnotes":""},"categories":[4],"tags":[],"jetpack_sharing_enabled":true,"jetpack_featured_media_url":"https:\/\/voranews.al\/wp-content\/uploads\/2023\/04\/2FBADFAB-FF77-4124-84D8-D6E7A03B8935.jpeg","_links":{"self":[{"href":"https:\/\/voranews.al\/index.php?rest_route=\/wp\/v2\/posts\/16238"}],"collection":[{"href":"https:\/\/voranews.al\/index.php?rest_route=\/wp\/v2\/posts"}],"about":[{"href":"https:\/\/voranews.al\/index.php?rest_route=\/wp\/v2\/types\/post"}],"author":[{"embeddable":true,"href":"https:\/\/voranews.al\/index.php?rest_route=\/wp\/v2\/users\/1"}],"replies":[{"embeddable":true,"href":"https:\/\/voranews.al\/index.php?rest_route=%2Fwp%2Fv2%2Fcomments&post=16238"}],"version-history":[{"count":1,"href":"https:\/\/voranews.al\/index.php?rest_route=\/wp\/v2\/posts\/16238\/revisions"}],"predecessor-version":[{"id":16240,"href":"https:\/\/voranews.al\/index.php?rest_route=\/wp\/v2\/posts\/16238\/revisions\/16240"}],"wp:featuredmedia":[{"embeddable":true,"href":"https:\/\/voranews.al\/index.php?rest_route=\/wp\/v2\/media\/16239"}],"wp:attachment":[{"href":"https:\/\/voranews.al\/index.php?rest_route=%2Fwp%2Fv2%2Fmedia&parent=16238"}],"wp:term":[{"taxonomy":"category","embeddable":true,"href":"https:\/\/voranews.al\/index.php?rest_route=%2Fwp%2Fv2%2Fcategories&post=16238"},{"taxonomy":"post_tag","embeddable":true,"href":"https:\/\/voranews.al\/index.php?rest_route=%2Fwp%2Fv2%2Ftags&post=16238"}],"curies":[{"name":"wp","href":"https:\/\/api.w.org\/{rel}","templated":true}]}}