{"id":16287,"date":"2023-04-10T15:38:53","date_gmt":"2023-04-10T14:38:53","guid":{"rendered":"https:\/\/voranews.al\/?p=16287"},"modified":"2023-04-10T15:38:55","modified_gmt":"2023-04-10T14:38:55","slug":"gabriel-escobar-mberrin-neser-ne-tirane-zbardhet-axhenda","status":"publish","type":"post","link":"https:\/\/voranews.al\/?p=16287","title":{"rendered":"Gabriel Escobar mb\u00ebrrin nes\u00ebr n\u00eb Tiran\u00eb, zbardhet axhenda"},"content":{"rendered":"\n<p>N\u00eb prag t\u00eb fushat\u00ebs elektorale p\u00ebr zgjedhjet vendore t\u00eb 14 majit, i d\u00ebrguari special i Shteteve t\u00eb Bashkuara t\u00eb Amerik\u00ebs p\u00ebr Ballkanin Per\u00ebndimor, Gabriel Escobar pritet q\u00eb nes\u00ebr t\u00eb zhvilloj\u00eb nj\u00eb vizit\u00eb zyrtare n\u00eb Shqip\u00ebri.<\/p>\n\n\n\n<p>M\u00ebsohet se Escobar do t\u00eb vizitoj\u00eb Tiran\u00ebn n\u00eb datat 11-13 Prill.<\/p>\n\n\n\n<p>Nd\u00ebrkoh\u00eb, b\u00ebhet me dije se i d\u00ebrguari special i Shtetve t\u00eb Bashkuara t\u00eb Amerikes do t\u00eb zhvilloj\u00eb nj\u00eb takim me presidentin e vendit, Bajram Begaj m\u00eb pas edhe me kryministrin Edi Rama.<\/p>\n\n\n\n<p>Gjithashtu, Escobar pritet q\u00eb t\u00eb takohet me kreun e komanduar t\u00eb Partis\u00eb Demokratike Enkelejd Alibeaj dhe deputetin Gazment Bardhi.<\/p>\n","protected":false},"excerpt":{"rendered":"<p>N\u00eb prag t\u00eb fushat\u00ebs elektorale p\u00ebr zgjedhjet vendore t\u00eb 14 majit, i d\u00ebrguari special i Shteteve t\u00eb Bashkuara t\u00eb Amerik\u00ebs p\u00ebr Ballkanin Per\u00ebndimor, Gabriel Escobar pritet q\u00eb nes\u00ebr t\u00eb zhvilloj\u00eb nj\u00eb vizit\u00eb zyrtare n\u00eb Shqip\u00ebri. M\u00ebsohet se Escobar do t\u00eb vizitoj\u00eb Tiran\u00ebn n\u00eb datat 11-13 Prill. Nd\u00ebrkoh\u00eb, b\u00ebhet me dije se i d\u00ebrguari special i &hellip;<\/p>\n","protected":false},"author":1,"featured_media":16288,"comment_status":"closed","ping_status":"closed","sticky":true,"template":"","format":"standard","meta":{"_jetpack_memberships_contains_paid_content":false,"footnotes":""},"categories":[4],"tags":[],"jetpack_sharing_enabled":true,"jetpack_featured_media_url":"https:\/\/voranews.al\/wp-content\/uploads\/2023\/04\/2FA096AB-7C06-453B-BD16-C158777F1230.jpeg","_links":{"self":[{"href":"https:\/\/voranews.al\/index.php?rest_route=\/wp\/v2\/posts\/16287"}],"collection":[{"href":"https:\/\/voranews.al\/index.php?rest_route=\/wp\/v2\/posts"}],"about":[{"href":"https:\/\/voranews.al\/index.php?rest_route=\/wp\/v2\/types\/post"}],"author":[{"embeddable":true,"href":"https:\/\/voranews.al\/index.php?rest_route=\/wp\/v2\/users\/1"}],"replies":[{"embeddable":true,"href":"https:\/\/voranews.al\/index.php?rest_route=%2Fwp%2Fv2%2Fcomments&post=16287"}],"version-history":[{"count":1,"href":"https:\/\/voranews.al\/index.php?rest_route=\/wp\/v2\/posts\/16287\/revisions"}],"predecessor-version":[{"id":16289,"href":"https:\/\/voranews.al\/index.php?rest_route=\/wp\/v2\/posts\/16287\/revisions\/16289"}],"wp:featuredmedia":[{"embeddable":true,"href":"https:\/\/voranews.al\/index.php?rest_route=\/wp\/v2\/media\/16288"}],"wp:attachment":[{"href":"https:\/\/voranews.al\/index.php?rest_route=%2Fwp%2Fv2%2Fmedia&parent=16287"}],"wp:term":[{"taxonomy":"category","embeddable":true,"href":"https:\/\/voranews.al\/index.php?rest_route=%2Fwp%2Fv2%2Fcategories&post=16287"},{"taxonomy":"post_tag","embeddable":true,"href":"https:\/\/voranews.al\/index.php?rest_route=%2Fwp%2Fv2%2Ftags&post=16287"}],"curies":[{"name":"wp","href":"https:\/\/api.w.org\/{rel}","templated":true}]}}