{"id":1631,"date":"2020-12-04T08:27:17","date_gmt":"2020-12-04T08:27:17","guid":{"rendered":"https:\/\/voranews.al\/?p=1631"},"modified":"2020-12-04T08:27:17","modified_gmt":"2020-12-04T08:27:17","slug":"sa-shume-dhimbje-per-ikjen-e-nje-miku-presidenti-meta-shpreh-ngushellimet-per-ndarjen-nga-jeta-te-ish-deputetit-marko-bello","status":"publish","type":"post","link":"https:\/\/voranews.al\/?p=1631","title":{"rendered":"\u201cSa shum\u00eb dhimbje p\u00ebr ikjen e nj\u00eb miku\u201d, presidenti Meta shpreh ngush\u00ebllimet p\u00ebr ndarjen nga jeta t\u00eb ish-deputetit, Marko Bello"},"content":{"rendered":"\n<p><strong>Tiran\u00eb-\u00a0<\/strong>Presidenti Ilir Meta ka reaguar pas marrjes s\u00eb lajmit t\u00eb\u00a0<strong><a href=\"https:\/\/albanews.al\/lajmi-i-fundit-ndahet-nga-jeta-ish-deputeti-i-ps-se-marko-bello\/\">ndarjes nga jeta<\/a><\/strong>\u00a0t\u00eb ish-deputetit socialist, Marko Bello.<\/p>\n\n\n\n<p>Presidenti Meta p\u00ebrmes nj\u00eb postimi n\u00eb Facebook ka shprehur ngush\u00ebllimet p\u00ebr familjar\u00ebt e ish-deputetit dhe dhimbjen p\u00ebr humbjen e hershme t\u00eb mikut dhe kolegut Bello.<\/p>\n\n\n\n<p><strong>Postimi i presidentit Ilir Meta:<\/strong><\/p>\n\n\n\n<p>Sa shum\u00eb dhimbje nga kjo ikje e parakoh\u00ebshme e nj\u00eb miku, bashk\u00ebpun\u00ebtori, kolegu, intelektuali aktiv, qytetari model e familjari shembullor!<\/p>\n\n\n\n<p>Zoti ju dh\u00ebnt\u00eb forc\u00eb Silvan\u00ebs, f\u00ebmij\u00ebve e t\u00eb af\u00ebrmve p\u00ebr k\u00ebt\u00eb humbje kaq t\u00eb madhe, q\u00eb na tronditi t\u00eb gjith\u00ebve k\u00ebt\u00eb m\u00ebngjes!<\/p>\n\n\n\n<p>Ngush\u00ebllimet m\u00eb t\u00eb ndjera!<\/p>\n\n\n\n<p>P\u00ebrher\u00eb i paharruar n\u00eb kujtimet tona!<\/p>\n\n\n\n<p>LAMTUMIR\u00cb I SHTRENJTI YN\u00cb MARKO BELLO!<\/p>\n","protected":false},"excerpt":{"rendered":"<p>Tiran\u00eb-\u00a0Presidenti Ilir Meta ka reaguar pas marrjes s\u00eb lajmit t\u00eb\u00a0ndarjes nga jeta\u00a0t\u00eb ish-deputetit socialist, Marko Bello. Presidenti Meta p\u00ebrmes nj\u00eb postimi n\u00eb Facebook ka shprehur ngush\u00ebllimet p\u00ebr familjar\u00ebt e ish-deputetit dhe dhimbjen p\u00ebr humbjen e hershme t\u00eb mikut dhe kolegut Bello. Postimi i presidentit Ilir Meta: Sa shum\u00eb dhimbje nga kjo ikje e parakoh\u00ebshme e &hellip;<\/p>\n","protected":false},"author":1,"featured_media":1632,"comment_status":"closed","ping_status":"closed","sticky":true,"template":"","format":"standard","meta":{"_jetpack_memberships_contains_paid_content":false,"footnotes":""},"categories":[20],"tags":[],"jetpack_sharing_enabled":true,"jetpack_featured_media_url":"https:\/\/voranews.al\/wp-content\/uploads\/2020\/12\/6FDF0C42-051B-46B9-99FD-C806E415F2EF.jpeg","_links":{"self":[{"href":"https:\/\/voranews.al\/index.php?rest_route=\/wp\/v2\/posts\/1631"}],"collection":[{"href":"https:\/\/voranews.al\/index.php?rest_route=\/wp\/v2\/posts"}],"about":[{"href":"https:\/\/voranews.al\/index.php?rest_route=\/wp\/v2\/types\/post"}],"author":[{"embeddable":true,"href":"https:\/\/voranews.al\/index.php?rest_route=\/wp\/v2\/users\/1"}],"replies":[{"embeddable":true,"href":"https:\/\/voranews.al\/index.php?rest_route=%2Fwp%2Fv2%2Fcomments&post=1631"}],"version-history":[{"count":1,"href":"https:\/\/voranews.al\/index.php?rest_route=\/wp\/v2\/posts\/1631\/revisions"}],"predecessor-version":[{"id":1633,"href":"https:\/\/voranews.al\/index.php?rest_route=\/wp\/v2\/posts\/1631\/revisions\/1633"}],"wp:featuredmedia":[{"embeddable":true,"href":"https:\/\/voranews.al\/index.php?rest_route=\/wp\/v2\/media\/1632"}],"wp:attachment":[{"href":"https:\/\/voranews.al\/index.php?rest_route=%2Fwp%2Fv2%2Fmedia&parent=1631"}],"wp:term":[{"taxonomy":"category","embeddable":true,"href":"https:\/\/voranews.al\/index.php?rest_route=%2Fwp%2Fv2%2Fcategories&post=1631"},{"taxonomy":"post_tag","embeddable":true,"href":"https:\/\/voranews.al\/index.php?rest_route=%2Fwp%2Fv2%2Ftags&post=1631"}],"curies":[{"name":"wp","href":"https:\/\/api.w.org\/{rel}","templated":true}]}}