{"id":1638,"date":"2020-12-04T08:45:52","date_gmt":"2020-12-04T08:45:52","guid":{"rendered":"https:\/\/voranews.al\/?p=1638"},"modified":"2020-12-04T08:45:53","modified_gmt":"2020-12-04T08:45:53","slug":"teknologjia-5g-hyn-ne-bujqesi-fermeret-brazilian-te-sojes-aplikojne-teknologjine-5g-me-pajisjet-huawei","status":"publish","type":"post","link":"https:\/\/voranews.al\/?p=1638","title":{"rendered":"Teknologjia 5G hyn n\u00eb bujq\u00ebsi\/ Fermer\u00ebt brazilian t\u00eb soj\u00ebs aplikojn\u00eb teknologjin\u00eb 5G me pajisjet Huawei"},"content":{"rendered":"\n<p>Shteti ferm\u00eb brazilian i Goias zhvilloi nj\u00eb projekt pilot t\u00eb Enjten p\u00ebr t\u00eb rritur produktivitetin dhe p\u00ebr t\u00eb nd\u00ebrmarr\u00eb veprime t\u00eb shpejta kund\u00ebr s\u00ebmundjeve duke p\u00ebrdorur teknologjin\u00eb dhe pajisjet e gjenerat\u00ebs s\u00eb pest\u00eb t\u00eb siguruar nga Huawei Technologies Co. t\u00eb Kin\u00ebs.<\/p>\n\n\n\n<p>P\u00ebrhapja e aplikacionit p\u00ebr mb\u00ebshtetje bujq\u00ebsore p\u00ebr fermer\u00ebt e soj\u00ebs vjen n\u00eb nj\u00eb koh\u00eb kur qeveria e Brazilit po shqyrton n\u00ebse do t\u00eb ndaloj\u00eb p\u00ebrdorimin e pajisjeve Huawei n\u00eb ankandin e vitit t\u00eb ardhsh\u00ebm t\u00eb spektrit t\u00eb frekuencave 5G p\u00ebr kompanit\u00eb e telekomit.<\/p>\n\n\n\n<p>Komunikimet 5G do t\u2019u lejojn\u00eb prodhuesve t\u00eb p\u00ebrmir\u00ebsojn\u00eb t\u00eb korrat p\u00ebrmes mbledhjes s\u00eb informacionit nga sensor\u00eb t\u00eb vendosur n\u00eb fusha, n\u00eb korrje dhe dron\u00eb, n\u00eb m\u00ebnyr\u00eb q\u00eb t\u00eb mund t\u00eb kryq\u00ebzohen leht\u00ebsisht me t\u00eb dh\u00ebna meteorologjike dhe lag\u00ebshtia, tha drejtori i marketingut Huawei Brasil Tiago Fontes.<\/p>\n\n\n\n<p>Kombinimi i komunikimeve t\u00eb shpejta me band\u00eb t\u00eb gjer\u00eb me p\u00ebrpunimin e t\u00eb dh\u00ebnave n\u00eb koh\u00eb reale do t\u2019u jap\u00eb fermer\u00ebve n\u00eb nj\u00eb or\u00eb informacion q\u00eb m\u00eb par\u00eb do t\u00eb merrte tre dit\u00eb n\u00eb m\u00ebnyr\u00eb q\u00eb ata t\u00eb mund t\u00eb nd\u00ebrmarrin shpejt veprime kund\u00ebr s\u00ebmundjeve dhe k\u00ebrc\u00ebnimeve t\u00eb tjera ndaj t\u00eb korrave t\u00eb tyre, tha ai.<\/p>\n\n\n\n<p>\u201cNe e lan\u00e7uam k\u00ebt\u00eb aplikacion p\u00ebr soj\u00eb p\u00ebr t\u00eb treguar se si 5G e p\u00ebrdorur me dron mund t\u00eb rris\u00eb produktivitetin dhe t\u00eb ul\u00eb kostot e herbicideve\u201d, tha Fontes me telefon.<\/p>\n\n\n\n<p>Piloti u nis n\u00eb qytetin e fermave t\u00eb soj\u00ebs n\u00eb Rio Verde dhe p\u00ebrdor nj\u00eb rrjet 5G t\u00eb nd\u00ebrtuar nga kompania e telekomit Claro, nj\u00eb nj\u00ebsi e Am\u00e9rica M\u00f3vil t\u00eb Meksik\u00ebs.<\/p>\n\n\n\n<p>P\u00ebrfaq\u00ebsuesit e Huawei nuk pranuan t\u00eb komentojn\u00eb mbi nj\u00eb raport t\u00eb Enjten se rregullat e hartuara p\u00ebr ankandin e frekuencave t\u00eb spektrit n\u00eb gjysm\u00ebn e par\u00eb t\u00eb vitit 2021 nuk p\u00ebrjashtojn\u00eb Huawei.<\/p>\n\n\n\n<p>Gazeta Folha de S.Paulo njoftoi t\u00eb Enjten, duke cituar burime qeveritare, se rregullatori i telekomunikacionit Anatel ka propozuar rregulla q\u00eb nuk p\u00ebrjashtojn\u00eb Kompanin\u00eb Kineze.<\/p>\n\n\n\n<p>Presidenti i ekstremit t\u00eb djatht\u00eb t\u00eb Brazilit Jair Bolsonaro do t\u00eb duhet t\u00eb marr\u00eb ndonj\u00eb vendim mbi ndalimin e Huawei. Qeveria e tij ka qen\u00eb n\u00ebn presion nga administrata Trump p\u00ebr t\u00eb p\u00ebrjashtuar Huawei p\u00ebr shkak t\u00eb shqet\u00ebsimeve t\u00eb siguris\u00eb.<\/p>\n\n\n\n<p>Kompanit\u00eb e telekomit n\u00eb Brazil, t\u00eb tilla si Claro, jan\u00eb kund\u00ebr nj\u00eb ndalimi sepse ata tashm\u00eb p\u00ebrdorin pajisjet Huawei.\/ Perktheu Apel.Media<\/p>\n","protected":false},"excerpt":{"rendered":"<p>Shteti ferm\u00eb brazilian i Goias zhvilloi nj\u00eb projekt pilot t\u00eb Enjten p\u00ebr t\u00eb rritur produktivitetin dhe p\u00ebr t\u00eb nd\u00ebrmarr\u00eb veprime t\u00eb shpejta kund\u00ebr s\u00ebmundjeve duke p\u00ebrdorur teknologjin\u00eb dhe pajisjet e gjenerat\u00ebs s\u00eb pest\u00eb t\u00eb siguruar nga Huawei Technologies Co. t\u00eb Kin\u00ebs. P\u00ebrhapja e aplikacionit p\u00ebr mb\u00ebshtetje bujq\u00ebsore p\u00ebr fermer\u00ebt e soj\u00ebs vjen n\u00eb nj\u00eb koh\u00eb &hellip;<\/p>\n","protected":false},"author":1,"featured_media":1639,"comment_status":"closed","ping_status":"closed","sticky":true,"template":"","format":"standard","meta":{"_jetpack_memberships_contains_paid_content":false,"footnotes":""},"categories":[35],"tags":[],"jetpack_sharing_enabled":true,"jetpack_featured_media_url":"https:\/\/voranews.al\/wp-content\/uploads\/2020\/12\/EC0FCCAF-8467-44ED-9459-7DCD5627F033.jpeg","_links":{"self":[{"href":"https:\/\/voranews.al\/index.php?rest_route=\/wp\/v2\/posts\/1638"}],"collection":[{"href":"https:\/\/voranews.al\/index.php?rest_route=\/wp\/v2\/posts"}],"about":[{"href":"https:\/\/voranews.al\/index.php?rest_route=\/wp\/v2\/types\/post"}],"author":[{"embeddable":true,"href":"https:\/\/voranews.al\/index.php?rest_route=\/wp\/v2\/users\/1"}],"replies":[{"embeddable":true,"href":"https:\/\/voranews.al\/index.php?rest_route=%2Fwp%2Fv2%2Fcomments&post=1638"}],"version-history":[{"count":1,"href":"https:\/\/voranews.al\/index.php?rest_route=\/wp\/v2\/posts\/1638\/revisions"}],"predecessor-version":[{"id":1640,"href":"https:\/\/voranews.al\/index.php?rest_route=\/wp\/v2\/posts\/1638\/revisions\/1640"}],"wp:featuredmedia":[{"embeddable":true,"href":"https:\/\/voranews.al\/index.php?rest_route=\/wp\/v2\/media\/1639"}],"wp:attachment":[{"href":"https:\/\/voranews.al\/index.php?rest_route=%2Fwp%2Fv2%2Fmedia&parent=1638"}],"wp:term":[{"taxonomy":"category","embeddable":true,"href":"https:\/\/voranews.al\/index.php?rest_route=%2Fwp%2Fv2%2Fcategories&post=1638"},{"taxonomy":"post_tag","embeddable":true,"href":"https:\/\/voranews.al\/index.php?rest_route=%2Fwp%2Fv2%2Ftags&post=1638"}],"curies":[{"name":"wp","href":"https:\/\/api.w.org\/{rel}","templated":true}]}}