{"id":1644,"date":"2020-12-04T09:02:06","date_gmt":"2020-12-04T09:02:06","guid":{"rendered":"https:\/\/voranews.al\/?p=1644"},"modified":"2020-12-04T09:02:06","modified_gmt":"2020-12-04T09:02:06","slug":"fshf-sjell-ne-shqiperi-nje-finale-europiane-presidenti-duka-historike-per-futbollin","status":"publish","type":"post","link":"https:\/\/voranews.al\/?p=1644","title":{"rendered":"FSHF sjell n\u00eb Shqip\u00ebri nj\u00eb finale europiane! Presidenti Duka: Historike p\u00ebr futbollin!"},"content":{"rendered":"\n<p>FSHF sjell n\u00eb Shqip\u00ebri nj\u00eb finale europiane! Presidenti Duka: Historike p\u00ebr futbollin!<\/p>\n\n\n\n<p>Komiteti Ekzekutiv i UEFA-s \u00ebsht\u00eb mbledhur sot p\u00ebrmes video-konferenc\u00ebs dhe mori nj\u00eb vendim historik p\u00ebr Shqip\u00ebrin\u00eb! Finalja e \u201cUEFA Conference League\u201d, turneut m\u00eb t\u00eb ri europian p\u00ebr klube q\u00eb do t\u00eb nis\u00eb sezonin e ardhsh\u00ebm, do t\u00eb zhvillohet n\u00eb stadiumin komb\u00ebtar \u201cAir Albania\u201d n\u00eb vitin 2022! Kjo \u00ebsht\u00eb hera e par\u00eb n\u00eb historin\u00eb e sportit shqiptar q\u00eb vendi mir\u00ebpret nj\u00eb finale europiane t\u00eb k\u00ebtyre p\u00ebrmasave. N\u00eb k\u00ebt\u00eb mbledhje mori pjes\u00eb edhe Presidenti i Federat\u00ebs Shqiptare t\u00eb Futbollit, Armand Duka, nj\u00ebher\u00ebsh edhe an\u00ebtar i Komitetit Ekzekutiv t\u00eb UEFA-s, i cili ka pasur nj\u00eb rol ky\u00e7 duke lobuar vazhdimisht p\u00ebr k\u00ebt\u00eb vendim.<\/p>\n\n\n\n<p>Menj\u00ebher\u00eb pas mbledhjes Presidenti Duka ka p\u00ebrsh\u00ebndetur k\u00ebt\u00eb ngjarje t\u00eb madhe dhe ka fal\u00ebnderuar t\u00eb gjith\u00eb ata q\u00eb b\u00ebn\u00eb t\u00eb mundur sjelljen e nj\u00eb finaleje europiane n\u00eb Shqip\u00ebri.<\/p>\n\n\n\n<p>\u201cTre dhjetor 2020, nj\u00eb tjet\u00ebr dat\u00eb historike p\u00ebr futbollin dhe p\u00ebr Shqip\u00ebrin\u00eb! Komiteti Ekzekutiv i UEFA-s vendosi t\u2019i besoj\u00eb FSHF-s\u00eb organizimin e finales s\u00eb par\u00eb t\u00eb kompeticionit m\u00eb t\u00eb ri europian \u2018UEFA Conference League\u2019 n\u00eb vitin 2022 n\u00eb stadiumin \u2018Air Albania\u2019.<\/p>\n\n\n\n<p>Kjo \u00ebsht\u00eb nj\u00eb ngjarje e r\u00ebnd\u00ebsishme p\u00ebr futbollin, Tiran\u00ebn dhe Shqip\u00ebrin\u00eb! P\u00ebr k\u00ebt\u00eb duhet t\u00eb ndihemi t\u00eb gjith\u00eb krenar\u00eb. \u00cbsht\u00eb gjithashtu edhe nj\u00eb dhurat\u00eb e \u00e7muar p\u00ebr Shqip\u00ebrin\u00eb dhe shqiptar\u00ebt, q\u00eb m\u00eb n\u00eb fund mund t\u00eb g\u00ebzojn\u00eb pas shum\u00eb peripecish t\u00eb kaluara, q\u00eb nga t\u00ebrmeti e deri te pandemia Covid-19 q\u00eb po p\u00ebrjetojm\u00eb. Urojm\u00eb q\u00eb ky lajm t\u2019i hap\u00eb rrug\u00ebn lajmeve t\u00eb tjera pozitive p\u00ebr shqiptar\u00ebt.<\/p>\n\n\n\n<p>Dua t\u00eb fal\u00ebnderoj administrat\u00ebn e FSHF-s\u00eb p\u00ebr plot\u00ebsimin e qindra formular\u00ebve, pyet\u00ebsor\u00ebve dhe dosjeve p\u00ebr aplikimin, duke treguar profesionaliz\u00ebm, seriozitet dhe p\u00ebrkushtim e duke bindur an\u00ebtar\u00ebt e KE-s\u00eb. D\u00ebshiroj q\u00eb t\u2019i fal\u00ebnderoj t\u00eb gjith\u00eb ata q\u00eb besuan te ne. Por kjo \u00ebsht\u00eb nj\u00eb dit\u00eb e madhe p\u00ebr t\u00eb gjith\u00eb.<\/p>\n\n\n\n<p>D\u00ebshiroj q\u00eb t\u00eb fal\u00ebnderoj me k\u00ebt\u00eb rast, drejtuesit dhe an\u00ebtar\u00ebt e Komitetit Ekzekutiv t\u00eb UEFA-s, p\u00ebr mb\u00ebshtetjen dhe besimin q\u00eb na dhan\u00eb.<\/p>\n\n\n\n<p>Dua t\u2019i garantoj se ne do t\u00eb b\u00ebjm\u00eb maksimumin p\u00ebr nj\u00eb organizim perfekt t\u00eb finales. Shqip\u00ebria dhe shqiptar\u00ebt shquhen p\u00ebr mikpritje, t\u00eb cil\u00ebn do t\u00eb ken\u00eb mund\u00ebsi ta demonstrojn\u00eb akoma m\u00eb shum\u00eb n\u00eb k\u00ebt\u00eb rast.<\/p>\n\n\n\n<figure class=\"wp-block-image size-large\"><img loading=\"lazy\" decoding=\"async\" width=\"500\" height=\"281\" src=\"https:\/\/voranews.al\/wp-content\/uploads\/2020\/12\/0E728B21-43C6-44C0-808A-CFC2891CBB42-500x281.jpeg\" alt=\"\" class=\"wp-image-1645\" srcset=\"https:\/\/voranews.al\/wp-content\/uploads\/2020\/12\/0E728B21-43C6-44C0-808A-CFC2891CBB42-500x281.jpeg 500w, https:\/\/voranews.al\/wp-content\/uploads\/2020\/12\/0E728B21-43C6-44C0-808A-CFC2891CBB42-300x169.jpeg 300w, https:\/\/voranews.al\/wp-content\/uploads\/2020\/12\/0E728B21-43C6-44C0-808A-CFC2891CBB42-768x432.jpeg 768w, https:\/\/voranews.al\/wp-content\/uploads\/2020\/12\/0E728B21-43C6-44C0-808A-CFC2891CBB42-390x220.jpeg 390w, https:\/\/voranews.al\/wp-content\/uploads\/2020\/12\/0E728B21-43C6-44C0-808A-CFC2891CBB42.jpeg 960w\" sizes=\"(max-width: 500px) 100vw, 500px\" \/><\/figure>\n","protected":false},"excerpt":{"rendered":"<p>FSHF sjell n\u00eb Shqip\u00ebri nj\u00eb finale europiane! Presidenti Duka: Historike p\u00ebr futbollin! Komiteti Ekzekutiv i UEFA-s \u00ebsht\u00eb mbledhur sot p\u00ebrmes video-konferenc\u00ebs dhe mori nj\u00eb vendim historik p\u00ebr Shqip\u00ebrin\u00eb! Finalja e \u201cUEFA Conference League\u201d, turneut m\u00eb t\u00eb ri europian p\u00ebr klube q\u00eb do t\u00eb nis\u00eb sezonin e ardhsh\u00ebm, do t\u00eb zhvillohet n\u00eb stadiumin komb\u00ebtar \u201cAir Albania\u201d &hellip;<\/p>\n","protected":false},"author":1,"featured_media":1646,"comment_status":"closed","ping_status":"closed","sticky":true,"template":"","format":"standard","meta":{"_jetpack_memberships_contains_paid_content":false,"footnotes":""},"categories":[1],"tags":[],"jetpack_sharing_enabled":true,"jetpack_featured_media_url":"https:\/\/voranews.al\/wp-content\/uploads\/2020\/12\/91C9E6EE-FB23-42B3-85D2-E088811B7A3F.jpeg","_links":{"self":[{"href":"https:\/\/voranews.al\/index.php?rest_route=\/wp\/v2\/posts\/1644"}],"collection":[{"href":"https:\/\/voranews.al\/index.php?rest_route=\/wp\/v2\/posts"}],"about":[{"href":"https:\/\/voranews.al\/index.php?rest_route=\/wp\/v2\/types\/post"}],"author":[{"embeddable":true,"href":"https:\/\/voranews.al\/index.php?rest_route=\/wp\/v2\/users\/1"}],"replies":[{"embeddable":true,"href":"https:\/\/voranews.al\/index.php?rest_route=%2Fwp%2Fv2%2Fcomments&post=1644"}],"version-history":[{"count":1,"href":"https:\/\/voranews.al\/index.php?rest_route=\/wp\/v2\/posts\/1644\/revisions"}],"predecessor-version":[{"id":1647,"href":"https:\/\/voranews.al\/index.php?rest_route=\/wp\/v2\/posts\/1644\/revisions\/1647"}],"wp:featuredmedia":[{"embeddable":true,"href":"https:\/\/voranews.al\/index.php?rest_route=\/wp\/v2\/media\/1646"}],"wp:attachment":[{"href":"https:\/\/voranews.al\/index.php?rest_route=%2Fwp%2Fv2%2Fmedia&parent=1644"}],"wp:term":[{"taxonomy":"category","embeddable":true,"href":"https:\/\/voranews.al\/index.php?rest_route=%2Fwp%2Fv2%2Fcategories&post=1644"},{"taxonomy":"post_tag","embeddable":true,"href":"https:\/\/voranews.al\/index.php?rest_route=%2Fwp%2Fv2%2Ftags&post=1644"}],"curies":[{"name":"wp","href":"https:\/\/api.w.org\/{rel}","templated":true}]}}