{"id":16479,"date":"2023-04-22T15:18:53","date_gmt":"2023-04-22T14:18:53","guid":{"rendered":"https:\/\/voranews.al\/?p=16479"},"modified":"2023-04-22T15:18:54","modified_gmt":"2023-04-22T14:18:54","slug":"rrezohet-aeroplani-ne-ravena-humbin-jeten-instruktori-italian-dhe-23-vjecari-shqiptar","status":"publish","type":"post","link":"https:\/\/voranews.al\/?p=16479","title":{"rendered":"Rr\u00ebzohet aeroplani n\u00eb Ravena, humbin jet\u00ebn instruktori italian dhe 23-vje\u00e7ari shqiptar"},"content":{"rendered":"\n<p>Nj\u00eb 23-vje\u00e7ar shqiptar ka humbur jet\u00ebn pasi aeroplan i drejtuar nga ai dhe nj\u00eb shtetas italian, u p\u00ebrplas n\u00eb nj\u00eb fush\u00eb n\u00eb Romagna t\u00eb Italis\u00eb.<\/p>\n\n\n\n<p><a href=\"https:\/\/www.breakinglatest.news\/news\/romagna-a-motorized-hang-glider-crashes-two-victims\/\">Mediat e huaja<\/a>&nbsp;raportojn\u00eb se ka nd\u00ebrruar jet\u00eb edhe 65-vje\u00e7ari italian.<\/p>\n\n\n\n<p>B\u00ebhet me dije se i riu jetonte n\u00eb Riolo Terme, n\u00eb provinc\u00ebn e Raven\u00ebs. Nga informacionet e para, avioni ishte nisur nga fusha ajrore e Villafranca p\u00ebr nj\u00eb m\u00ebsim n\u00eb nj\u00eb kurs p\u00ebr pilot\u00ebt rekreativ\u00eb.<\/p>\n\n\n\n<p>Sipas nj\u00eb d\u00ebshmitari okular, aeroplani papritmas b\u00ebri dy rrotullime dhe ra n\u00eb nj\u00eb fush\u00eb. Zjarrfik\u00ebsit kan\u00eb nd\u00ebrhyr\u00eb menj\u00ebher\u00eb n\u00eb vendngjarje p\u00ebr sigurimin e vendit t\u00eb ngjarjes, frenimin e rrjedhjes s\u00eb karburantit dhe nxjerrjen e dy trupave. T\u00eb pranish\u00ebm kan\u00eb qen\u00eb edhe karabinier\u00ebt, t\u00eb cil\u00ebt kan\u00eb kryer t\u00eb gjitha konstatimet p\u00ebrkat\u00ebse p\u00ebr zbardhjen e asaj q\u00eb ka ndodhur.<\/p>\n","protected":false},"excerpt":{"rendered":"<p>Nj\u00eb 23-vje\u00e7ar shqiptar ka humbur jet\u00ebn pasi aeroplan i drejtuar nga ai dhe nj\u00eb shtetas italian, u p\u00ebrplas n\u00eb nj\u00eb fush\u00eb n\u00eb Romagna t\u00eb Italis\u00eb. Mediat e huaja&nbsp;raportojn\u00eb se ka nd\u00ebrruar jet\u00eb edhe 65-vje\u00e7ari italian. B\u00ebhet me dije se i riu jetonte n\u00eb Riolo Terme, n\u00eb provinc\u00ebn e Raven\u00ebs. Nga informacionet e para, avioni ishte &hellip;<\/p>\n","protected":false},"author":1,"featured_media":16480,"comment_status":"closed","ping_status":"closed","sticky":true,"template":"","format":"standard","meta":{"_jetpack_memberships_contains_paid_content":false,"footnotes":""},"categories":[38],"tags":[],"jetpack_sharing_enabled":true,"jetpack_featured_media_url":"https:\/\/voranews.al\/wp-content\/uploads\/2023\/04\/5F4A5039-EB44-4E00-890C-BB7E06D306F2.jpeg","_links":{"self":[{"href":"https:\/\/voranews.al\/index.php?rest_route=\/wp\/v2\/posts\/16479"}],"collection":[{"href":"https:\/\/voranews.al\/index.php?rest_route=\/wp\/v2\/posts"}],"about":[{"href":"https:\/\/voranews.al\/index.php?rest_route=\/wp\/v2\/types\/post"}],"author":[{"embeddable":true,"href":"https:\/\/voranews.al\/index.php?rest_route=\/wp\/v2\/users\/1"}],"replies":[{"embeddable":true,"href":"https:\/\/voranews.al\/index.php?rest_route=%2Fwp%2Fv2%2Fcomments&post=16479"}],"version-history":[{"count":1,"href":"https:\/\/voranews.al\/index.php?rest_route=\/wp\/v2\/posts\/16479\/revisions"}],"predecessor-version":[{"id":16481,"href":"https:\/\/voranews.al\/index.php?rest_route=\/wp\/v2\/posts\/16479\/revisions\/16481"}],"wp:featuredmedia":[{"embeddable":true,"href":"https:\/\/voranews.al\/index.php?rest_route=\/wp\/v2\/media\/16480"}],"wp:attachment":[{"href":"https:\/\/voranews.al\/index.php?rest_route=%2Fwp%2Fv2%2Fmedia&parent=16479"}],"wp:term":[{"taxonomy":"category","embeddable":true,"href":"https:\/\/voranews.al\/index.php?rest_route=%2Fwp%2Fv2%2Fcategories&post=16479"},{"taxonomy":"post_tag","embeddable":true,"href":"https:\/\/voranews.al\/index.php?rest_route=%2Fwp%2Fv2%2Ftags&post=16479"}],"curies":[{"name":"wp","href":"https:\/\/api.w.org\/{rel}","templated":true}]}}