{"id":1671,"date":"2020-12-04T15:02:39","date_gmt":"2020-12-04T15:02:39","guid":{"rendered":"https:\/\/voranews.al\/?p=1671"},"modified":"2020-12-04T15:02:39","modified_gmt":"2020-12-04T15:02:39","slug":"donaldi-i-ben-bores-dhuraten-me-te-bukur-moderatorja-i-shpreh-publikisht-dashurine","status":"publish","type":"post","link":"https:\/\/voranews.al\/?p=1671","title":{"rendered":"Donaldi i b\u00ebn Bor\u00ebs dhurat\u00ebn m\u00eb t\u00eb bukur, moderatorja i shpreh publikisht dashurin\u00eb!"},"content":{"rendered":"\n<p>Donald Veshaj dhe Bora Zemani prej m\u00ebse dy vitesh jan\u00eb n\u00eb nj\u00eb lidhje s\u00eb bashku.Ata e kan\u00eb b\u00ebr\u00eb publike lidhjen e tyre disa muaj m\u00eb par\u00eb dhe tashm\u00eb i shohim shpesh her\u00eb duke komentuar apo b\u00ebr\u00eb dedikime p\u00ebr nj\u00ebri tjetrin.Donaldi ka menduar ti b\u00ebj\u00eb nj\u00eb dhurat\u00eb shum\u00eb speciale moderatores dhe k\u00ebt\u00eb e ka postuar me nj\u00eb dedikim n\u00eb instagram.Ai shihet teksa pikturon portretin e moderatores dhe ka treguar gjith\u00eb procesin e pun\u00ebs deri n\u00eb p\u00ebrfundim, nd\u00ebrsa shkruan: \u201cP\u00ebr ty Bora Zemani\u201d, shoq\u00ebruar me nj\u00eb zem\u00ebr.P\u00ebrball\u00eb k\u00ebsaj dhurate speciale, Bora nuk mund t\u00eb rrinte n\u00eb heshtje dhe krahas videos i shpreh dashurin\u00eb Donaldit teksa shkruan: \u201cT\u00eb duaaa\u201d, shoq\u00ebruar me disa emoji me fytyra me zemra.Vepra e tij \u00ebsht\u00eb p\u00eblqyer nga t\u00eb gjith\u00eb miqt\u00eb dhe fansat e Donaldit t\u00eb cil\u00ebt e kan\u00eb komplimentuar p\u00ebr punimin e tij.<\/p>\n","protected":false},"excerpt":{"rendered":"<p>Donald Veshaj dhe Bora Zemani prej m\u00ebse dy vitesh jan\u00eb n\u00eb nj\u00eb lidhje s\u00eb bashku.Ata e kan\u00eb b\u00ebr\u00eb publike lidhjen e tyre disa muaj m\u00eb par\u00eb dhe tashm\u00eb i shohim shpesh her\u00eb duke komentuar apo b\u00ebr\u00eb dedikime p\u00ebr nj\u00ebri tjetrin.Donaldi ka menduar ti b\u00ebj\u00eb nj\u00eb dhurat\u00eb shum\u00eb speciale moderatores dhe k\u00ebt\u00eb e ka postuar me &hellip;<\/p>\n","protected":false},"author":1,"featured_media":1677,"comment_status":"closed","ping_status":"closed","sticky":true,"template":"","format":"standard","meta":{"_jetpack_memberships_contains_paid_content":false,"footnotes":""},"categories":[36],"tags":[],"jetpack_sharing_enabled":true,"jetpack_featured_media_url":"https:\/\/voranews.al\/wp-content\/uploads\/2020\/12\/EEF47F14-0591-4DAE-AA3E-D7B84C795901.png","_links":{"self":[{"href":"https:\/\/voranews.al\/index.php?rest_route=\/wp\/v2\/posts\/1671"}],"collection":[{"href":"https:\/\/voranews.al\/index.php?rest_route=\/wp\/v2\/posts"}],"about":[{"href":"https:\/\/voranews.al\/index.php?rest_route=\/wp\/v2\/types\/post"}],"author":[{"embeddable":true,"href":"https:\/\/voranews.al\/index.php?rest_route=\/wp\/v2\/users\/1"}],"replies":[{"embeddable":true,"href":"https:\/\/voranews.al\/index.php?rest_route=%2Fwp%2Fv2%2Fcomments&post=1671"}],"version-history":[{"count":1,"href":"https:\/\/voranews.al\/index.php?rest_route=\/wp\/v2\/posts\/1671\/revisions"}],"predecessor-version":[{"id":1678,"href":"https:\/\/voranews.al\/index.php?rest_route=\/wp\/v2\/posts\/1671\/revisions\/1678"}],"wp:featuredmedia":[{"embeddable":true,"href":"https:\/\/voranews.al\/index.php?rest_route=\/wp\/v2\/media\/1677"}],"wp:attachment":[{"href":"https:\/\/voranews.al\/index.php?rest_route=%2Fwp%2Fv2%2Fmedia&parent=1671"}],"wp:term":[{"taxonomy":"category","embeddable":true,"href":"https:\/\/voranews.al\/index.php?rest_route=%2Fwp%2Fv2%2Fcategories&post=1671"},{"taxonomy":"post_tag","embeddable":true,"href":"https:\/\/voranews.al\/index.php?rest_route=%2Fwp%2Fv2%2Ftags&post=1671"}],"curies":[{"name":"wp","href":"https:\/\/api.w.org\/{rel}","templated":true}]}}