{"id":16785,"date":"2023-05-09T11:14:42","date_gmt":"2023-05-09T10:14:42","guid":{"rendered":"https:\/\/voranews.al\/?p=16785"},"modified":"2023-05-09T11:14:44","modified_gmt":"2023-05-09T10:14:44","slug":"avioni-mig-21-humb-kontrollin-dhe-perplaset-ne-nje-shtepi-vdesin-3-gra","status":"publish","type":"post","link":"https:\/\/voranews.al\/?p=16785","title":{"rendered":"Avioni MiG-21 humb kontrollin dhe p\u00ebrplaset n\u00eb nj\u00eb sht\u00ebpi, vdesin 3 gra"},"content":{"rendered":"\n<p>Nj\u00eb aksident i r\u00ebnd\u00eb ndodhi sot n\u00eb Indi, n\u00eb nj\u00eb fshat n\u00eb Rajasthan, ku m\u00ebsohet se nj\u00eb avion luftarak i Forcave Ajrore Indiane MiG-21 \u00ebsht\u00eb p\u00ebrplasur me nj\u00eb banes\u00eb q\u00eb ndodhet n\u00eb k\u00ebt\u00eb fshat, e p\u00ebr pasoj\u00eb 3 persona kan\u00eb humbur jet\u00ebn.<\/p>\n\n\n\n<p>Avioni ishte nisur nga baza ajrore Suratgarh p\u00ebr nj\u00eb st\u00ebrvitje rutin\u00eb kur u rr\u00ebzua pran\u00eb Bahlol Nagar n\u00eb Hanumangarh t\u00eb Rajasthan p\u00ebr shkak t\u00eb nj\u00eb pengese teknike. Piloti u hodh nga avioni n\u00eb koh\u00eb dhe raportohet se \u00ebsht\u00eb i sigurt.<\/p>\n\n\n\n<p><em>\u201cPiloti p\u00ebrjetoi nj\u00eb emergjenc\u00eb n\u00eb bord, pas s\u00eb cil\u00ebs ai u p\u00ebrpoq t\u00eb rimarr\u00eb avionin sipas procedurave ekzistuese. Pasi nuk e b\u00ebri k\u00ebt\u00eb, ai filloi nj\u00eb nxjerrje,\u201d<\/em>&nbsp;thuhet n\u00eb nj\u00eb deklarat\u00eb, raportojn\u00eb&nbsp;<strong><em><a href=\"https:\/\/www.ndtv.com\/india-news\/indian-air-forces-mig-21-aircraft-crashes-in-rajasthans-hanumangarh-pilot-safe-4014327\" target=\"_blank\" rel=\"noreferrer noopener\">mediat e huaja<\/a><\/em><\/strong>.<\/p>\n\n\n\n<p>Duke rr\u00ebfyer incidentin, nj\u00eb vendas tha se d\u00ebgjoi nj\u00eb z\u00eb t\u00eb fort\u00eb dhe pa nj\u00eb parashut\u00eb q\u00eb po zbriste. Brenda pak sekondash, nj\u00eb aeroplan u rr\u00ebzua n\u00eb sht\u00ebpin\u00eb e Ratti Ram, duke vrar\u00eb gruan e tij dhe dy gra t\u00eb tjera \u2013 Leela Devi dhe Banto Kaur.<\/p>\n","protected":false},"excerpt":{"rendered":"<p>Nj\u00eb aksident i r\u00ebnd\u00eb ndodhi sot n\u00eb Indi, n\u00eb nj\u00eb fshat n\u00eb Rajasthan, ku m\u00ebsohet se nj\u00eb avion luftarak i Forcave Ajrore Indiane MiG-21 \u00ebsht\u00eb p\u00ebrplasur me nj\u00eb banes\u00eb q\u00eb ndodhet n\u00eb k\u00ebt\u00eb fshat, e p\u00ebr pasoj\u00eb 3 persona kan\u00eb humbur jet\u00ebn. Avioni ishte nisur nga baza ajrore Suratgarh p\u00ebr nj\u00eb st\u00ebrvitje rutin\u00eb kur u &hellip;<\/p>\n","protected":false},"author":1,"featured_media":16786,"comment_status":"closed","ping_status":"closed","sticky":true,"template":"","format":"standard","meta":{"_jetpack_memberships_contains_paid_content":false,"footnotes":""},"categories":[38],"tags":[],"jetpack_sharing_enabled":true,"jetpack_featured_media_url":"https:\/\/voranews.al\/wp-content\/uploads\/2023\/05\/IMG_3774.jpg","_links":{"self":[{"href":"https:\/\/voranews.al\/index.php?rest_route=\/wp\/v2\/posts\/16785"}],"collection":[{"href":"https:\/\/voranews.al\/index.php?rest_route=\/wp\/v2\/posts"}],"about":[{"href":"https:\/\/voranews.al\/index.php?rest_route=\/wp\/v2\/types\/post"}],"author":[{"embeddable":true,"href":"https:\/\/voranews.al\/index.php?rest_route=\/wp\/v2\/users\/1"}],"replies":[{"embeddable":true,"href":"https:\/\/voranews.al\/index.php?rest_route=%2Fwp%2Fv2%2Fcomments&post=16785"}],"version-history":[{"count":1,"href":"https:\/\/voranews.al\/index.php?rest_route=\/wp\/v2\/posts\/16785\/revisions"}],"predecessor-version":[{"id":16787,"href":"https:\/\/voranews.al\/index.php?rest_route=\/wp\/v2\/posts\/16785\/revisions\/16787"}],"wp:featuredmedia":[{"embeddable":true,"href":"https:\/\/voranews.al\/index.php?rest_route=\/wp\/v2\/media\/16786"}],"wp:attachment":[{"href":"https:\/\/voranews.al\/index.php?rest_route=%2Fwp%2Fv2%2Fmedia&parent=16785"}],"wp:term":[{"taxonomy":"category","embeddable":true,"href":"https:\/\/voranews.al\/index.php?rest_route=%2Fwp%2Fv2%2Fcategories&post=16785"},{"taxonomy":"post_tag","embeddable":true,"href":"https:\/\/voranews.al\/index.php?rest_route=%2Fwp%2Fv2%2Ftags&post=16785"}],"curies":[{"name":"wp","href":"https:\/\/api.w.org\/{rel}","templated":true}]}}