{"id":16855,"date":"2023-05-12T06:40:08","date_gmt":"2023-05-12T05:40:08","guid":{"rendered":"https:\/\/voranews.al\/?p=16855"},"modified":"2023-05-12T06:40:10","modified_gmt":"2023-05-12T05:40:10","slug":"permbysi-elbasanin-vora-fiton-titullin-kampion-te-kategorise-se-dyte","status":"publish","type":"post","link":"https:\/\/voranews.al\/?p=16855","title":{"rendered":"P\u00ebrmbysi Elbasanin, Vora fiton titullin kampion t\u00eb Kategoris\u00eb s\u00eb Dyt\u00eb"},"content":{"rendered":"\n<p>Vora shpallet fituese e Kategoris\u00eb s\u00eb Dyt\u00eb.<\/p>\n\n\n\n<p>N\u00eb finalen e zhvilluar mes kampion\u00ebve t\u00eb dy grupeve, A dhe B, Vora mundi me p\u00ebrmbysje Elbasanin me rezultatin 2-1 n\u00eb stadiumin \u201dAir Albania\u201d, duke u kuror\u00ebzuar me titullin kampion.<\/p>\n\n\n\n<p>N\u00eb fakt, t\u00eb dyja skuadrat do t\u00eb jen\u00eb pjes\u00eb e Kategoris\u00eb s\u00eb Par\u00eb n\u00eb vitin e ardhsh\u00ebm, por kjo finale \u00ebsht\u00eb kthyer n\u00eb nj\u00eb tradit\u00eb n\u00eb vitet e fundit, me Vor\u00ebn q\u00eb shp\u00ebrblehet n\u00eb m\u00ebnyr\u00ebn m\u00eb t\u00eb mir\u00eb p\u00ebr k\u00ebt\u00eb arritje t\u00eb madhe.<\/p>\n\n\n\n<p>Elbasani e nisi m\u00eb mir\u00eb takimin dhe gjeti rrug\u00ebn e rrjet\u00ebs n\u00eb minut\u00ebn e 19\u2032, ku Arsen Lleshi shfryt\u00ebzoi mir\u00eb krosimin nga e djathta dhe e ndali sakt\u00eb topin n\u00eb fundin e rrjet\u00ebs.<\/p>\n\n\n\n<p>Megjithat\u00eb, kund\u00ebrp\u00ebrgjigja e Vor\u00ebs nuk vonoi dhe 7 minuta m\u00eb von\u00eb vendos\u00ebn ekuilibrat. Pas nj\u00eb aksioni t\u00eb tejzgjatur, Argel Avdiu u gjend n\u00eb vendin dhe n\u00eb momentin e duhur p\u00ebr t\u00eb barazuar rezultatin dhe p\u00ebr t\u00eb \u00e7uar shifrat n\u00eb 1-1.<\/p>\n\n\n\n<p>Pjesa e dyt\u00eb u b\u00eb mjaft e ekuilibruar, megjithat\u00eb Vora u tregua m\u00eb cinike p\u00ebrball\u00eb port\u00ebs dhe n\u00eb minut\u00ebn e 77\u2032 gjeti p\u00ebrs\u00ebri rrug\u00ebn e rrjet\u00ebs, p\u00ebrs\u00ebri me an\u00eb t\u00eb Argel Avdiut. Sulmuesi p\u00ebrfitoi nga nj\u00eb top jo i larguar si\u00e7 duhet nga portieri elbasanas dhe me port\u00ebn e boshatisur nuk gaboi p\u00ebr t\u2019i dh\u00ebn\u00eb kryesimin Vor\u00ebs.<\/p>\n\n\n\n<p>N\u00eb minutat e mbetura, Vora u mbrojt mir\u00eb dhe mori fitoren, duke siguruar k\u00ebshtu titullin kampion t\u00eb Kategoris\u00eb s\u00eb Dyt\u00eb, q\u00eb i jep padyshim vler\u00ebsimin m\u00eb t\u00eb mir\u00eb pas nj\u00eb sezoni t\u00eb gjat\u00eb dhe impenjativ.<\/p>\n\n\n\n<figure class=\"wp-block-video\"><video controls src=\"https:\/\/voranews.al\/wp-content\/uploads\/2023\/05\/RPReplay_Final1683869704.mov\"><\/video><\/figure>\n\n\n\n<figure class=\"wp-block-gallery has-nested-images columns-default is-cropped wp-block-gallery-1 is-layout-flex wp-block-gallery-is-layout-flex\"><\/figure>\n\n\n\n<p><\/p>\n\n\n\n<p><\/p>\n\n\n\n<p><\/p>\n\n\n\n<p><\/p>\n\n\n\n<p><\/p>\n\n\n\n<p><\/p>\n","protected":false},"excerpt":{"rendered":"<p>Vora shpallet fituese e Kategoris\u00eb s\u00eb Dyt\u00eb. N\u00eb finalen e zhvilluar mes kampion\u00ebve t\u00eb dy grupeve, A dhe B, Vora mundi me p\u00ebrmbysje Elbasanin me rezultatin 2-1 n\u00eb stadiumin \u201dAir Albania\u201d, duke u kuror\u00ebzuar me titullin kampion. N\u00eb fakt, t\u00eb dyja skuadrat do t\u00eb jen\u00eb pjes\u00eb e Kategoris\u00eb s\u00eb Par\u00eb n\u00eb vitin e ardhsh\u00ebm, por &hellip;<\/p>\n","protected":false},"author":1,"featured_media":16857,"comment_status":"closed","ping_status":"closed","sticky":true,"template":"","format":"standard","meta":{"_jetpack_memberships_contains_paid_content":false,"footnotes":""},"categories":[1],"tags":[],"jetpack_sharing_enabled":true,"jetpack_featured_media_url":"https:\/\/voranews.al\/wp-content\/uploads\/2023\/05\/IMG_3843.jpeg","_links":{"self":[{"href":"https:\/\/voranews.al\/index.php?rest_route=\/wp\/v2\/posts\/16855"}],"collection":[{"href":"https:\/\/voranews.al\/index.php?rest_route=\/wp\/v2\/posts"}],"about":[{"href":"https:\/\/voranews.al\/index.php?rest_route=\/wp\/v2\/types\/post"}],"author":[{"embeddable":true,"href":"https:\/\/voranews.al\/index.php?rest_route=\/wp\/v2\/users\/1"}],"replies":[{"embeddable":true,"href":"https:\/\/voranews.al\/index.php?rest_route=%2Fwp%2Fv2%2Fcomments&post=16855"}],"version-history":[{"count":1,"href":"https:\/\/voranews.al\/index.php?rest_route=\/wp\/v2\/posts\/16855\/revisions"}],"predecessor-version":[{"id":16858,"href":"https:\/\/voranews.al\/index.php?rest_route=\/wp\/v2\/posts\/16855\/revisions\/16858"}],"wp:featuredmedia":[{"embeddable":true,"href":"https:\/\/voranews.al\/index.php?rest_route=\/wp\/v2\/media\/16857"}],"wp:attachment":[{"href":"https:\/\/voranews.al\/index.php?rest_route=%2Fwp%2Fv2%2Fmedia&parent=16855"}],"wp:term":[{"taxonomy":"category","embeddable":true,"href":"https:\/\/voranews.al\/index.php?rest_route=%2Fwp%2Fv2%2Fcategories&post=16855"},{"taxonomy":"post_tag","embeddable":true,"href":"https:\/\/voranews.al\/index.php?rest_route=%2Fwp%2Fv2%2Ftags&post=16855"}],"curies":[{"name":"wp","href":"https:\/\/api.w.org\/{rel}","templated":true}]}}