{"id":1698,"date":"2020-12-04T20:46:30","date_gmt":"2020-12-04T20:46:30","guid":{"rendered":"https:\/\/voranews.al\/?p=1698"},"modified":"2020-12-04T20:47:58","modified_gmt":"2020-12-04T20:47:58","slug":"ish-deputetja-pampuri-akuza-rames-si-po-i-genjen-edi-rama-shqiptaret-per-shendetesine-falas","status":"publish","type":"post","link":"https:\/\/voranews.al\/?p=1698","title":{"rendered":"Ish-deputetja Pampuri akuza Ram\u00ebs: Si po i g\u00ebnjen Edi Rama shqiptar\u00ebt p\u00ebr sh\u00ebndet\u00ebsin\u00eb falas"},"content":{"rendered":"\n<p><strong>Ish-deputetja e Partis\u00eb Demokratike, Oriola Pampuri ka publikuar nj\u00eb video me pjes\u00eb nga deklaratat e kryeministrit Edi Rama, sa i p\u00ebrket sh\u00ebndet\u00ebsis\u00eb falas.<\/strong><br><\/p>\n\n\n\n<p>Pampuri shprehet se Rama nuk b\u00ebri asgj\u00eb p\u00ebr sh\u00ebndet\u00ebsin\u00eb falas, nd\u00ebrsa shton se kur ka g\u00ebnjyer p\u00ebr tet\u00eb vjet, sikurse po b\u00ebn edhe tani.<\/p>\n\n\n\n<p>Sipas ish-deputetes&nbsp;<em>\u201cPlani i tij i vet\u00ebm ishte dhe \u00ebsht\u00eb i nj\u00ebjti \u2013 t\u00eb mbush\u00eb xhepat e koncesionar\u00ebve klient\u00eb me parat\u00eb e shqiptar\u00ebve. D\u00ebshtimin e Edi Ram\u00ebs, mashtrimet e tij elektorale dhe vjedhjen e shqiptar\u00ebve, qytetar\u00ebt po e paguajn\u00eb sot shtrenjt\u00eb. Deri edhe me jet\u00ebn e tyre.\u201d<\/em><\/p>\n\n\n\n<p><strong><em>Postimi i plot\u00eb:<\/em><\/strong><\/p>\n\n\n\n<p><em><br>N\u00eb 8 vjet, Edi Rama nuk b\u00ebri asgj\u00eb p\u00ebr sh\u00ebndet\u00ebsin\u00eb falas. Ka nj\u00eb arsye p\u00ebr k\u00ebt\u00eb superd\u00ebshtim. Edi Rama g\u00ebnjeu 8 vjet, po g\u00ebnjen dhe tani.<\/em><\/p>\n\n\n\n<p><em>Plani i tij i vet\u00ebm ishte dhe \u00ebsht\u00eb i nj\u00ebjti \u2013 t\u00eb mbush\u00eb xhepat e koncesionar\u00ebve klient\u00eb me parat\u00eb e shqiptar\u00ebve. D\u00ebshtimin e Edi Ram\u00ebs, mashtrimet e tij elektorale dhe vjedhjen e shqiptar\u00ebve, qytetar\u00ebt po e paguajn\u00eb sot shtrenjt\u00eb. Deri edhe me jet\u00ebn e tyre.<\/em><\/p>\n\n\n\n<p><em>D\u00ebgjojeni vet\u00eb kryeministrin hajdut dhe g\u00ebnjeshtar!<\/em><\/p>\n","protected":false},"excerpt":{"rendered":"<p>Ish-deputetja e Partis\u00eb Demokratike, Oriola Pampuri ka publikuar nj\u00eb video me pjes\u00eb nga deklaratat e kryeministrit Edi Rama, sa i p\u00ebrket sh\u00ebndet\u00ebsis\u00eb falas. Pampuri shprehet se Rama nuk b\u00ebri asgj\u00eb p\u00ebr sh\u00ebndet\u00ebsin\u00eb falas, nd\u00ebrsa shton se kur ka g\u00ebnjyer p\u00ebr tet\u00eb vjet, sikurse po b\u00ebn edhe tani. Sipas ish-deputetes&nbsp;\u201cPlani i tij i vet\u00ebm ishte dhe &hellip;<\/p>\n","protected":false},"author":1,"featured_media":1700,"comment_status":"closed","ping_status":"closed","sticky":true,"template":"","format":"standard","meta":{"_jetpack_memberships_contains_paid_content":false,"footnotes":""},"categories":[3],"tags":[],"jetpack_sharing_enabled":true,"jetpack_featured_media_url":"https:\/\/voranews.al\/wp-content\/uploads\/2020\/12\/E998DE71-250F-4F0F-99AD-A16EE226552A.jpeg","_links":{"self":[{"href":"https:\/\/voranews.al\/index.php?rest_route=\/wp\/v2\/posts\/1698"}],"collection":[{"href":"https:\/\/voranews.al\/index.php?rest_route=\/wp\/v2\/posts"}],"about":[{"href":"https:\/\/voranews.al\/index.php?rest_route=\/wp\/v2\/types\/post"}],"author":[{"embeddable":true,"href":"https:\/\/voranews.al\/index.php?rest_route=\/wp\/v2\/users\/1"}],"replies":[{"embeddable":true,"href":"https:\/\/voranews.al\/index.php?rest_route=%2Fwp%2Fv2%2Fcomments&post=1698"}],"version-history":[{"count":1,"href":"https:\/\/voranews.al\/index.php?rest_route=\/wp\/v2\/posts\/1698\/revisions"}],"predecessor-version":[{"id":1699,"href":"https:\/\/voranews.al\/index.php?rest_route=\/wp\/v2\/posts\/1698\/revisions\/1699"}],"wp:featuredmedia":[{"embeddable":true,"href":"https:\/\/voranews.al\/index.php?rest_route=\/wp\/v2\/media\/1700"}],"wp:attachment":[{"href":"https:\/\/voranews.al\/index.php?rest_route=%2Fwp%2Fv2%2Fmedia&parent=1698"}],"wp:term":[{"taxonomy":"category","embeddable":true,"href":"https:\/\/voranews.al\/index.php?rest_route=%2Fwp%2Fv2%2Fcategories&post=1698"},{"taxonomy":"post_tag","embeddable":true,"href":"https:\/\/voranews.al\/index.php?rest_route=%2Fwp%2Fv2%2Ftags&post=1698"}],"curies":[{"name":"wp","href":"https:\/\/api.w.org\/{rel}","templated":true}]}}