{"id":17412,"date":"2023-07-22T09:00:25","date_gmt":"2023-07-22T08:00:25","guid":{"rendered":"https:\/\/voranews.al\/?p=17412"},"modified":"2023-07-22T09:00:27","modified_gmt":"2023-07-22T08:00:27","slug":"2-te-arrestuar-ne-tirane-pasi-u-kapen-te-dehur-ne-timon","status":"publish","type":"post","link":"https:\/\/voranews.al\/?p=17412","title":{"rendered":"2 t\u00eb arrestuar n\u00eb Tiran\u00eb pasi u kap\u00ebn \u2018t\u00eb dehur\u2019 n\u00eb timon"},"content":{"rendered":"\n<p>Drejtonin mjetet n\u00eb gjendje t\u00eb dehur, arrestohet 45-vje\u00e7ari me inicialet A.Sh banues n\u00eb Orikum dhe 53-vje\u00e7ari me inicialet M.R banues n\u00eb Tiran\u00eb.<\/p>\n\n\n\n<p><strong>Njoftimi i Policis\u00eb:<\/strong>&nbsp;Tiran\u00eb<\/p>\n\n\n\n<p>Specialist\u00ebt p\u00ebr Hetimin e Krimeve t\u00eb Komisariatit t\u00eb Policis\u00eb Nr. 4 arrestuan shtetasit:<\/p>\n\n\n\n<p>Specialist\u00ebt e Qarkullimit Rrugor arrestuan shtetasit A. Sh., 45 vje\u00e7, banues n\u00eb Orikum, dhe M. R., 53 vje\u00e7, banues n\u00eb Tiran\u00eb, pasi u kap\u00ebn duke drejtuar automjetet p\u00ebrkat\u00ebse n\u00eb gjendje t\u00eb dehur.<\/p>\n\n\n\n<p>Materialet i kaluan Prokuroris\u00eb pran\u00eb Gjykat\u00ebs s\u00eb Shkall\u00ebs s\u00eb Par\u00eb t\u00eb Juridiksionit t\u00eb P\u00ebrgjithsh\u00ebm Tiran\u00eb, p\u00ebr veprime t\u00eb m\u00ebtejshme procedurale.<\/p>\n","protected":false},"excerpt":{"rendered":"<p>Drejtonin mjetet n\u00eb gjendje t\u00eb dehur, arrestohet 45-vje\u00e7ari me inicialet A.Sh banues n\u00eb Orikum dhe 53-vje\u00e7ari me inicialet M.R banues n\u00eb Tiran\u00eb. Njoftimi i Policis\u00eb:&nbsp;Tiran\u00eb Specialist\u00ebt p\u00ebr Hetimin e Krimeve t\u00eb Komisariatit t\u00eb Policis\u00eb Nr. 4 arrestuan shtetasit: Specialist\u00ebt e Qarkullimit Rrugor arrestuan shtetasit A. Sh., 45 vje\u00e7, banues n\u00eb Orikum, dhe M. R., 53 &hellip;<\/p>\n","protected":false},"author":1,"featured_media":17337,"comment_status":"closed","ping_status":"closed","sticky":true,"template":"","format":"standard","meta":{"_jetpack_memberships_contains_paid_content":false,"footnotes":""},"categories":[4],"tags":[],"jetpack_sharing_enabled":true,"jetpack_featured_media_url":"https:\/\/voranews.al\/wp-content\/uploads\/2023\/07\/IMG_5117.webp","_links":{"self":[{"href":"https:\/\/voranews.al\/index.php?rest_route=\/wp\/v2\/posts\/17412"}],"collection":[{"href":"https:\/\/voranews.al\/index.php?rest_route=\/wp\/v2\/posts"}],"about":[{"href":"https:\/\/voranews.al\/index.php?rest_route=\/wp\/v2\/types\/post"}],"author":[{"embeddable":true,"href":"https:\/\/voranews.al\/index.php?rest_route=\/wp\/v2\/users\/1"}],"replies":[{"embeddable":true,"href":"https:\/\/voranews.al\/index.php?rest_route=%2Fwp%2Fv2%2Fcomments&post=17412"}],"version-history":[{"count":1,"href":"https:\/\/voranews.al\/index.php?rest_route=\/wp\/v2\/posts\/17412\/revisions"}],"predecessor-version":[{"id":17413,"href":"https:\/\/voranews.al\/index.php?rest_route=\/wp\/v2\/posts\/17412\/revisions\/17413"}],"wp:featuredmedia":[{"embeddable":true,"href":"https:\/\/voranews.al\/index.php?rest_route=\/wp\/v2\/media\/17337"}],"wp:attachment":[{"href":"https:\/\/voranews.al\/index.php?rest_route=%2Fwp%2Fv2%2Fmedia&parent=17412"}],"wp:term":[{"taxonomy":"category","embeddable":true,"href":"https:\/\/voranews.al\/index.php?rest_route=%2Fwp%2Fv2%2Fcategories&post=17412"},{"taxonomy":"post_tag","embeddable":true,"href":"https:\/\/voranews.al\/index.php?rest_route=%2Fwp%2Fv2%2Ftags&post=17412"}],"curies":[{"name":"wp","href":"https:\/\/api.w.org\/{rel}","templated":true}]}}