{"id":1763,"date":"2020-12-05T21:56:32","date_gmt":"2020-12-05T21:56:32","guid":{"rendered":"https:\/\/voranews.al\/?p=1763"},"modified":"2020-12-05T21:56:33","modified_gmt":"2020-12-05T21:56:33","slug":"aurela-gace-per-adelina-ismajlin-e-kam-admiruar-qe-kur-e-kam-pare-per-here-te-pare-ne-skene","status":"publish","type":"post","link":"https:\/\/voranews.al\/?p=1763","title":{"rendered":"Aurela Ga\u00e7e p\u00ebr Adelina Ismajlin: \u201cE kam admiruar q\u00eb kur e kam par\u00eb p\u00ebr her\u00eb t\u00eb par\u00eb n\u00eb sken\u00eb\u201d"},"content":{"rendered":"\n<p>N\u00eb list\u00ebn e artisteve m\u00eb t\u00eb mira dhe t\u00eb suksesshme t\u00eb viteve t\u00eb fundit n\u00eb Shqip\u00ebri padyshim q\u00eb jan\u00eb edhe Aurela Ga\u00e7e e Adelina Ismajli, t\u00eb dyja me nj\u00eb karrier\u00eb muzikore q\u00eb shtrihet n\u00eb m\u00eb shum\u00eb se dy dekada.Talenti i tyre, suksesi i k\u00ebng\u00ebve, risit\u00eb n\u00eb sken\u00eb dhe dashuria q\u00eb marrin nga publiku jan\u00eb gj\u00ebra q\u00eb i bashkojn\u00eb, por mesa duket edhe admirimi p\u00ebr nj\u00ebra-tjetr\u00ebn dhe marr\u00ebdh\u00ebnia e mir\u00eb q\u00eb kan\u00eb. K\u00ebt\u00eb e ka b\u00ebr\u00eb t\u00eb ditur Aurela me an\u00eb t\u00eb nj\u00eb postimi dit\u00ebn e sotme n\u00eb Instagram, ku shfaqet n\u00eb nj\u00eb foto me Adelin\u00ebn dhe i dedikon disa fjal\u00eb, jo vet\u00ebm si kolege, por si nj\u00eb mikesh\u00eb shum\u00eb e mir\u00eb.Ajo zbulon se \u00ebsht\u00eb e ftuar n\u00eb emisionin \u201cTet\u00eb a Tet\u00eb\u201d, t\u00eb cilin Adelina e drejton, nd\u00ebrsa shprehet se larg\u00ebsia dhe pamund\u00ebsia nuk i kan\u00eb dh\u00ebn\u00eb mund\u00ebsin\u00eb t\u00eb jen\u00eb shoqe, por gjithmon\u00eb e ka admiruar q\u00eb kur e ka par\u00eb p\u00ebr her\u00eb tv par\u00eb n\u00eb sken\u00eb. P\u00ebr Aurel\u00ebn, Ismajli p\u00ebrcjell energjin\u00eb e nj\u00eb njeriu q\u00eb e do sken\u00ebn n\u00eb t\u00eb gjitha dimensionet, nd\u00ebrsa e ka pranuar ftes\u00ebn e saj pas i ngjall besim.<\/p>\n\n\n\n<figure class=\"wp-block-image size-large\"><img loading=\"lazy\" decoding=\"async\" width=\"356\" height=\"500\" src=\"https:\/\/voranews.al\/wp-content\/uploads\/2020\/12\/D49E14FB-21F1-4925-81B3-56EB97983C49-356x500.jpeg\" alt=\"\" class=\"wp-image-1764\" srcset=\"https:\/\/voranews.al\/wp-content\/uploads\/2020\/12\/D49E14FB-21F1-4925-81B3-56EB97983C49-356x500.jpeg 356w, https:\/\/voranews.al\/wp-content\/uploads\/2020\/12\/D49E14FB-21F1-4925-81B3-56EB97983C49-214x300.jpeg 214w, https:\/\/voranews.al\/wp-content\/uploads\/2020\/12\/D49E14FB-21F1-4925-81B3-56EB97983C49-768x1078.jpeg 768w, https:\/\/voranews.al\/wp-content\/uploads\/2020\/12\/D49E14FB-21F1-4925-81B3-56EB97983C49-1094x1536.jpeg 1094w, https:\/\/voranews.al\/wp-content\/uploads\/2020\/12\/D49E14FB-21F1-4925-81B3-56EB97983C49.jpeg 1171w\" sizes=\"(max-width: 356px) 100vw, 356px\" \/><\/figure>\n","protected":false},"excerpt":{"rendered":"<p>N\u00eb list\u00ebn e artisteve m\u00eb t\u00eb mira dhe t\u00eb suksesshme t\u00eb viteve t\u00eb fundit n\u00eb Shqip\u00ebri padyshim q\u00eb jan\u00eb edhe Aurela Ga\u00e7e e Adelina Ismajli, t\u00eb dyja me nj\u00eb karrier\u00eb muzikore q\u00eb shtrihet n\u00eb m\u00eb shum\u00eb se dy dekada.Talenti i tyre, suksesi i k\u00ebng\u00ebve, risit\u00eb n\u00eb sken\u00eb dhe dashuria q\u00eb marrin nga publiku jan\u00eb gj\u00ebra &hellip;<\/p>\n","protected":false},"author":1,"featured_media":1765,"comment_status":"closed","ping_status":"closed","sticky":true,"template":"","format":"standard","meta":{"_jetpack_memberships_contains_paid_content":false,"footnotes":""},"categories":[36],"tags":[],"jetpack_sharing_enabled":true,"jetpack_featured_media_url":"https:\/\/voranews.al\/wp-content\/uploads\/2020\/12\/BBCAFAFA-27C9-459E-B299-EE0C61A85E9B.jpeg","_links":{"self":[{"href":"https:\/\/voranews.al\/index.php?rest_route=\/wp\/v2\/posts\/1763"}],"collection":[{"href":"https:\/\/voranews.al\/index.php?rest_route=\/wp\/v2\/posts"}],"about":[{"href":"https:\/\/voranews.al\/index.php?rest_route=\/wp\/v2\/types\/post"}],"author":[{"embeddable":true,"href":"https:\/\/voranews.al\/index.php?rest_route=\/wp\/v2\/users\/1"}],"replies":[{"embeddable":true,"href":"https:\/\/voranews.al\/index.php?rest_route=%2Fwp%2Fv2%2Fcomments&post=1763"}],"version-history":[{"count":1,"href":"https:\/\/voranews.al\/index.php?rest_route=\/wp\/v2\/posts\/1763\/revisions"}],"predecessor-version":[{"id":1766,"href":"https:\/\/voranews.al\/index.php?rest_route=\/wp\/v2\/posts\/1763\/revisions\/1766"}],"wp:featuredmedia":[{"embeddable":true,"href":"https:\/\/voranews.al\/index.php?rest_route=\/wp\/v2\/media\/1765"}],"wp:attachment":[{"href":"https:\/\/voranews.al\/index.php?rest_route=%2Fwp%2Fv2%2Fmedia&parent=1763"}],"wp:term":[{"taxonomy":"category","embeddable":true,"href":"https:\/\/voranews.al\/index.php?rest_route=%2Fwp%2Fv2%2Fcategories&post=1763"},{"taxonomy":"post_tag","embeddable":true,"href":"https:\/\/voranews.al\/index.php?rest_route=%2Fwp%2Fv2%2Ftags&post=1763"}],"curies":[{"name":"wp","href":"https:\/\/api.w.org\/{rel}","templated":true}]}}