{"id":17952,"date":"2023-09-26T10:15:04","date_gmt":"2023-09-26T09:15:04","guid":{"rendered":"https:\/\/voranews.al\/?p=17952"},"modified":"2023-09-26T10:15:06","modified_gmt":"2023-09-26T09:15:06","slug":"atentati-ne-rreshen-zbardhet-identiteti-i-viktimes-ishte-liruar-nga-burgu-pak-kohe-me-pare","status":"publish","type":"post","link":"https:\/\/voranews.al\/?p=17952","title":{"rendered":"Atentati n\u00eb Rr\u00ebshen, zbardhet identiteti i viktim\u00ebs, ishte liruar nga burgu pak koh\u00eb m\u00eb par\u00eb"},"content":{"rendered":"\n<p>Nj\u00eb ngjarje e r\u00ebnd\u00eb ka ndodhur sot n\u00eb Rr\u00ebshen ku mbeti i vrar\u00eb n\u00eb nj\u00eb atentat shtetasi Martin Bardhi. Ky i fundit \u00ebsht\u00eb nj\u00eb em\u00ebr i njohur p\u00ebr policin\u00eb.<\/p>\n\n\n\n<p>Bardhi ishte arrestuar i akuzuar se kishte tentuar t\u00eb vriste nipin e Kastriot Re\u00e7it, ky i fundit i vrar\u00eb n\u00eb vitin 2021. Nd\u00ebrsa n\u00eb k\u00ebrkim u shpall djali i tij Enrik Bardhi. Marku kishte vet\u00ebm pak koh\u00eb q\u00eb kishte dal\u00eb nga burgu.<\/p>\n\n\n\n<p><strong>Si ndodhi ngjarja n\u00eb mars t\u00eb k\u00ebtij viti:<\/strong><\/p>\n\n\n\n<p><em>Dy t\u00eb rinjt\u00eb Enrik Bardhi dhe Saimir Re\u00e7i jan\u00eb konfliktuar fizikisht e m\u00eb pas, Enrik Bardhi ka shkuar n\u00eb banes\u00eb dhe ka marr\u00eb arm\u00ebn p\u00ebr ta q\u00eblluar bashk\u00ebmoshatarin e tij. Bashk\u00eb me Enrikun, ka shkuar edhe i ati, Martin Bardhi t\u00eb cil\u00ebt kan\u00eb q\u00eblluar n\u00eb drejtim t\u00eb makin\u00ebs s\u00eb blinduar t\u00eb Saimir Re\u00e7it, i cili si pasoj\u00eb e t\u00eb sht\u00ebnave, humbi kontrollin e mjetit dhe u p\u00ebrplas me bordur\u00ebn e rrug\u00ebs.&nbsp;<\/em><\/p>\n\n\n\n<p><em>Mjeti i blinduar e shp\u00ebtoi t\u00eb riun Re\u00e7i pa marr\u00eb l\u00ebndime. Policia e cila mb\u00ebrriti menj\u00ebher\u00eb n\u00eb vendin e ngjarjes shpalli n\u00eb k\u00ebrkim baba e bir Enrik dhe Martin Bardhi t\u00eb cil\u00ebt u larguan me shpejt\u00ebsi nga vendi i ngjarjes. K\u00ebrkimet intensive b\u00ebn\u00eb t\u00eb mundur ndalimin e nj\u00ebrit prej t\u00eb k\u00ebrkuarve dhe policia sakt\u00ebsoi se ka r\u00ebn\u00eb n\u00eb pranga Martin Bardhi, e nd\u00ebrsa djali i tij dhe nipi jan\u00eb ende n\u00eb k\u00ebrkim.&nbsp;<\/em><\/p>\n","protected":false},"excerpt":{"rendered":"<p>Nj\u00eb ngjarje e r\u00ebnd\u00eb ka ndodhur sot n\u00eb Rr\u00ebshen ku mbeti i vrar\u00eb n\u00eb nj\u00eb atentat shtetasi Martin Bardhi. Ky i fundit \u00ebsht\u00eb nj\u00eb em\u00ebr i njohur p\u00ebr policin\u00eb. Bardhi ishte arrestuar i akuzuar se kishte tentuar t\u00eb vriste nipin e Kastriot Re\u00e7it, ky i fundit i vrar\u00eb n\u00eb vitin 2021. Nd\u00ebrsa n\u00eb k\u00ebrkim u &hellip;<\/p>\n","protected":false},"author":1,"featured_media":17953,"comment_status":"closed","ping_status":"closed","sticky":true,"template":"","format":"standard","meta":{"_jetpack_memberships_contains_paid_content":false,"footnotes":""},"categories":[4],"tags":[],"jetpack_sharing_enabled":true,"jetpack_featured_media_url":"https:\/\/voranews.al\/wp-content\/uploads\/2023\/09\/IMG_6108.webp","_links":{"self":[{"href":"https:\/\/voranews.al\/index.php?rest_route=\/wp\/v2\/posts\/17952"}],"collection":[{"href":"https:\/\/voranews.al\/index.php?rest_route=\/wp\/v2\/posts"}],"about":[{"href":"https:\/\/voranews.al\/index.php?rest_route=\/wp\/v2\/types\/post"}],"author":[{"embeddable":true,"href":"https:\/\/voranews.al\/index.php?rest_route=\/wp\/v2\/users\/1"}],"replies":[{"embeddable":true,"href":"https:\/\/voranews.al\/index.php?rest_route=%2Fwp%2Fv2%2Fcomments&post=17952"}],"version-history":[{"count":1,"href":"https:\/\/voranews.al\/index.php?rest_route=\/wp\/v2\/posts\/17952\/revisions"}],"predecessor-version":[{"id":17954,"href":"https:\/\/voranews.al\/index.php?rest_route=\/wp\/v2\/posts\/17952\/revisions\/17954"}],"wp:featuredmedia":[{"embeddable":true,"href":"https:\/\/voranews.al\/index.php?rest_route=\/wp\/v2\/media\/17953"}],"wp:attachment":[{"href":"https:\/\/voranews.al\/index.php?rest_route=%2Fwp%2Fv2%2Fmedia&parent=17952"}],"wp:term":[{"taxonomy":"category","embeddable":true,"href":"https:\/\/voranews.al\/index.php?rest_route=%2Fwp%2Fv2%2Fcategories&post=17952"},{"taxonomy":"post_tag","embeddable":true,"href":"https:\/\/voranews.al\/index.php?rest_route=%2Fwp%2Fv2%2Ftags&post=17952"}],"curies":[{"name":"wp","href":"https:\/\/api.w.org\/{rel}","templated":true}]}}