{"id":1799,"date":"2020-12-06T14:32:33","date_gmt":"2020-12-06T14:32:33","guid":{"rendered":"https:\/\/voranews.al\/?p=1799"},"modified":"2020-12-06T14:32:35","modified_gmt":"2020-12-06T14:32:35","slug":"e-rende-peson-goditje-celebrale-zv-kryetari-i-bashkise-elbasan-dergohet-me-urgjence-ne-spital","status":"publish","type":"post","link":"https:\/\/voranews.al\/?p=1799","title":{"rendered":"E r\u00ebnd\u00eb\/ P\u00ebson goditje celebrale, zv.kryetari i Bashkis\u00eb Elbasan d\u00ebrgohet me urgjenc\u00eb n\u00eb spital"},"content":{"rendered":"\n<p>Nj\u00eb lajm i r\u00ebnd\u00eb vjen s\u00eb fundmi nga Bashkia e Elbasanit.M\u00ebsohet se z\u00ebvend\u00ebs kryetari i k\u00ebtij institucioni Ervin Saraci ka p\u00ebsuar nj\u00eb goditje cerebrale dhe ndodhet n\u00eb rrezik p\u00ebr jet\u00ebn.Menj\u00ebher\u00eb pas ngjarjes, 37-vje\u00e7ari \u00ebsht\u00eb d\u00ebrguar me\u00a0 urgjenc\u00eb n\u00eb spital.<\/p>\n\n\n\n<p>Lajmin e ka b\u00ebr\u00eb t\u00eb ditur inspektori Shk\u00eblqim Hajdari me an\u00eb t\u00eb nj\u00eb njoftimi n\u00eb rrjetet sociale.<\/p>\n\n\n\n<p>\u201cMotra dhe vellezer!<\/p>\n\n\n\n<p>Ervin Sara\u00e7i, zv\/ Kryetari i Bashkise s\u00eb Elbasanit, ka pesuar papritur nj\u00eb goditje cerebrale dhe ndodhet ne gjendje te rend\u00eb ne spital.<br>Ky djale i shkelqyer, intelektual,me cilesi\u00a0 e virtyte t\u00eb nj\u00eb qytetari e besimtari model, ka nevoje sot per lutjet tona.<br>O Krijues i Gjithesis\u00eb, t\u00eb lutemi Ty, ti behesh krah Ervinit, per t\u00eb kaluar ket\u00eb sprov\u00eb\u201d,- shkruan\u00a0 Shk\u00eblqim Hajdari.<\/p>\n\n\n\n<figure class=\"wp-block-image size-large\"><img loading=\"lazy\" decoding=\"async\" width=\"383\" height=\"500\" src=\"https:\/\/voranews.al\/wp-content\/uploads\/2020\/12\/5C0876E9-EE69-4004-B759-3103C2498EE7-383x500.jpeg\" alt=\"\" class=\"wp-image-1800\" srcset=\"https:\/\/voranews.al\/wp-content\/uploads\/2020\/12\/5C0876E9-EE69-4004-B759-3103C2498EE7-383x500.jpeg 383w, https:\/\/voranews.al\/wp-content\/uploads\/2020\/12\/5C0876E9-EE69-4004-B759-3103C2498EE7-230x300.jpeg 230w, https:\/\/voranews.al\/wp-content\/uploads\/2020\/12\/5C0876E9-EE69-4004-B759-3103C2498EE7-768x1002.jpeg 768w, https:\/\/voranews.al\/wp-content\/uploads\/2020\/12\/5C0876E9-EE69-4004-B759-3103C2498EE7-1178x1536.jpeg 1178w, https:\/\/voranews.al\/wp-content\/uploads\/2020\/12\/5C0876E9-EE69-4004-B759-3103C2498EE7.jpeg 1223w\" sizes=\"(max-width: 383px) 100vw, 383px\" \/><\/figure>\n","protected":false},"excerpt":{"rendered":"<p>Nj\u00eb lajm i r\u00ebnd\u00eb vjen s\u00eb fundmi nga Bashkia e Elbasanit.M\u00ebsohet se z\u00ebvend\u00ebs kryetari i k\u00ebtij institucioni Ervin Saraci ka p\u00ebsuar nj\u00eb goditje cerebrale dhe ndodhet n\u00eb rrezik p\u00ebr jet\u00ebn.Menj\u00ebher\u00eb pas ngjarjes, 37-vje\u00e7ari \u00ebsht\u00eb d\u00ebrguar me\u00a0 urgjenc\u00eb n\u00eb spital. Lajmin e ka b\u00ebr\u00eb t\u00eb ditur inspektori Shk\u00eblqim Hajdari me an\u00eb t\u00eb nj\u00eb njoftimi n\u00eb rrjetet &hellip;<\/p>\n","protected":false},"author":1,"featured_media":1801,"comment_status":"closed","ping_status":"closed","sticky":true,"template":"","format":"standard","meta":{"_jetpack_memberships_contains_paid_content":false,"footnotes":""},"categories":[4],"tags":[],"jetpack_sharing_enabled":true,"jetpack_featured_media_url":"https:\/\/voranews.al\/wp-content\/uploads\/2020\/12\/3885A2BA-3E6A-46DA-9AE6-6DE834E62F53.jpeg","_links":{"self":[{"href":"https:\/\/voranews.al\/index.php?rest_route=\/wp\/v2\/posts\/1799"}],"collection":[{"href":"https:\/\/voranews.al\/index.php?rest_route=\/wp\/v2\/posts"}],"about":[{"href":"https:\/\/voranews.al\/index.php?rest_route=\/wp\/v2\/types\/post"}],"author":[{"embeddable":true,"href":"https:\/\/voranews.al\/index.php?rest_route=\/wp\/v2\/users\/1"}],"replies":[{"embeddable":true,"href":"https:\/\/voranews.al\/index.php?rest_route=%2Fwp%2Fv2%2Fcomments&post=1799"}],"version-history":[{"count":1,"href":"https:\/\/voranews.al\/index.php?rest_route=\/wp\/v2\/posts\/1799\/revisions"}],"predecessor-version":[{"id":1802,"href":"https:\/\/voranews.al\/index.php?rest_route=\/wp\/v2\/posts\/1799\/revisions\/1802"}],"wp:featuredmedia":[{"embeddable":true,"href":"https:\/\/voranews.al\/index.php?rest_route=\/wp\/v2\/media\/1801"}],"wp:attachment":[{"href":"https:\/\/voranews.al\/index.php?rest_route=%2Fwp%2Fv2%2Fmedia&parent=1799"}],"wp:term":[{"taxonomy":"category","embeddable":true,"href":"https:\/\/voranews.al\/index.php?rest_route=%2Fwp%2Fv2%2Fcategories&post=1799"},{"taxonomy":"post_tag","embeddable":true,"href":"https:\/\/voranews.al\/index.php?rest_route=%2Fwp%2Fv2%2Ftags&post=1799"}],"curies":[{"name":"wp","href":"https:\/\/api.w.org\/{rel}","templated":true}]}}