{"id":18066,"date":"2023-10-04T21:30:19","date_gmt":"2023-10-04T20:30:19","guid":{"rendered":"https:\/\/voranews.al\/?p=18066"},"modified":"2023-10-04T21:30:20","modified_gmt":"2023-10-04T20:30:20","slug":"parlamenti-evropian-miraton-rezoluten-per-ti-dhene-fund-tarifave-per-bagazhet-e-dores-ne-avion","status":"publish","type":"post","link":"https:\/\/voranews.al\/?p=18066","title":{"rendered":"Parlamenti Evropian miraton rezolut\u00ebn p\u00ebr t\u2019i dh\u00ebn\u00eb fund tarifave p\u00ebr bagazhet e dor\u00ebs n\u00eb avion"},"content":{"rendered":"\n<p>Parlamenti Evropian votoi sot p\u00ebr t\u2019i dh\u00ebn\u00eb fund tarifave t\u00eb bagazheve t\u00eb dor\u00ebs n\u00eb avion . Kjo rezolut\u00eb p\u00ebr heqjen e tarif\u00ebs s\u00eb bagazheve t\u00eb dor\u00ebs \u00ebsht\u00eb e vlefshme p\u00ebr linjat ajrore q\u00eb operojn\u00eb brenda BE-s\u00eb.<\/p>\n\n\n\n<p>Kjo do t\u00eb thot\u00eb se miliona pasagjer\u00eb n\u00eb t\u00eb gjith\u00eb vendet e BE-s\u00eb do t\u00eb jen\u00eb n\u00eb gjendje t\u00eb marrin bagazhet e tyre n\u00eb bord falas pa pasur nevoj\u00eb p\u00ebr pages\u00eb shtes\u00eb.<\/p>\n\n\n\n<p>Di\u00e7ka e till\u00eb pritet t\u00eb leht\u00ebsoj\u00eb shum\u00eb udh\u00ebtimet e k\u00ebtye udh\u00ebtar\u00ebve deri n\u00eb mb\u00ebrritjen n\u00eb destinacion.<\/p>\n\n\n\n<p>Nd\u00ebrsa linjat e fluturimeve \u2018low-cost\u2019 kan\u00eb reaguar ndaj k\u00ebtij vendimi me argumentin se kan\u00eb t\u00eb drejt\u00eb t\u00eb caktojn\u00eb \u00e7mimet.<\/p>\n\n\n\n<p><\/p>\n\n\n\n<p><\/p>\n\n\n\n<p><\/p>\n\n\n\n<p><\/p>\n","protected":false},"excerpt":{"rendered":"<p>Parlamenti Evropian votoi sot p\u00ebr t\u2019i dh\u00ebn\u00eb fund tarifave t\u00eb bagazheve t\u00eb dor\u00ebs n\u00eb avion . Kjo rezolut\u00eb p\u00ebr heqjen e tarif\u00ebs s\u00eb bagazheve t\u00eb dor\u00ebs \u00ebsht\u00eb e vlefshme p\u00ebr linjat ajrore q\u00eb operojn\u00eb brenda BE-s\u00eb. Kjo do t\u00eb thot\u00eb se miliona pasagjer\u00eb n\u00eb t\u00eb gjith\u00eb vendet e BE-s\u00eb do t\u00eb jen\u00eb n\u00eb gjendje t\u00eb &hellip;<\/p>\n","protected":false},"author":1,"featured_media":18067,"comment_status":"closed","ping_status":"closed","sticky":true,"template":"","format":"standard","meta":{"_jetpack_memberships_contains_paid_content":false,"footnotes":""},"categories":[4],"tags":[],"jetpack_sharing_enabled":true,"jetpack_featured_media_url":"https:\/\/voranews.al\/wp-content\/uploads\/2023\/10\/IMG_6278.webp","_links":{"self":[{"href":"https:\/\/voranews.al\/index.php?rest_route=\/wp\/v2\/posts\/18066"}],"collection":[{"href":"https:\/\/voranews.al\/index.php?rest_route=\/wp\/v2\/posts"}],"about":[{"href":"https:\/\/voranews.al\/index.php?rest_route=\/wp\/v2\/types\/post"}],"author":[{"embeddable":true,"href":"https:\/\/voranews.al\/index.php?rest_route=\/wp\/v2\/users\/1"}],"replies":[{"embeddable":true,"href":"https:\/\/voranews.al\/index.php?rest_route=%2Fwp%2Fv2%2Fcomments&post=18066"}],"version-history":[{"count":1,"href":"https:\/\/voranews.al\/index.php?rest_route=\/wp\/v2\/posts\/18066\/revisions"}],"predecessor-version":[{"id":18068,"href":"https:\/\/voranews.al\/index.php?rest_route=\/wp\/v2\/posts\/18066\/revisions\/18068"}],"wp:featuredmedia":[{"embeddable":true,"href":"https:\/\/voranews.al\/index.php?rest_route=\/wp\/v2\/media\/18067"}],"wp:attachment":[{"href":"https:\/\/voranews.al\/index.php?rest_route=%2Fwp%2Fv2%2Fmedia&parent=18066"}],"wp:term":[{"taxonomy":"category","embeddable":true,"href":"https:\/\/voranews.al\/index.php?rest_route=%2Fwp%2Fv2%2Fcategories&post=18066"},{"taxonomy":"post_tag","embeddable":true,"href":"https:\/\/voranews.al\/index.php?rest_route=%2Fwp%2Fv2%2Ftags&post=18066"}],"curies":[{"name":"wp","href":"https:\/\/api.w.org\/{rel}","templated":true}]}}